{"id":458,"date":"2007-12-10T16:28:09","date_gmt":"2007-12-10T20:28:09","guid":{"rendered":"http:\/\/www.sofoca.cl\/pebre\/2007\/12\/10\/%c2%bfcamisetas-anti-islamicas\/"},"modified":"2007-12-10T22:12:42","modified_gmt":"2007-12-11T02:12:42","slug":"%c2%bfcamisetas-anti-islamicas","status":"publish","type":"post","link":"http:\/\/www.sofoca.cl\/pebre\/2007\/12\/10\/%c2%bfcamisetas-anti-islamicas\/","title":{"rendered":"\u00bfCamisetas anti-isl\u00e1micas?"},"content":{"rendered":"<p><img decoding=\"async\" src=\"http:\/\/data.tumblr.com\/BoJnjBU2S2sth265i6sRlMZq_400.jpg\" alt=\"\" align=\"right\" \/>Es lo que cree el abogado turco Baris Kaska, despu\u00e9s de que el equipo Fenerbah\u00e7e de Turqu\u00eda perdiera contra el Inter de Mil\u00e1n.  La derrota del equipo se asocia a la camiseta que usaba el equipo italiano, que seg\u00fan los turcos es <a href=\"http:\/\/www.lavanguardia.es\/lv24h\/20071210\/53416658257.html\">una ofensa a su religi\u00f3n<\/a>.<\/p>\n<blockquote><p>La superioridad del equipo italiano sobre el terreno de juego fue incontestable. Un 3-0 que impide al equipo de Roberto Carlos liderar el grupo G en la Liga de Campeones. Pero a Kaska, seg\u00fan dice, no le hizo tanta mella el resultado como la camiseta que el Inter visti\u00f3 en el estadio San Siro de Mil\u00e1n ante su equipo, con una enorme cruz roja sobre fondo blanco.<\/p>\n<p>Su imagen ha dado la vuelta por varios medios turcos, acompa\u00f1ada casi siempre de otra: la de un templario, perteneciente a la orden de los legendarios monjes soldados fundada poco despu\u00e9s de la cruel conquista de Jerusal\u00e9n (1099) en la primera cruzada y que estaba, dice la leyenda, en posesi\u00f3n nada menos que del Santo Grial.<\/p><\/blockquote>\n<p>La camiseta \u00abtemplaria\u00bb les recordar\u00eda \u00ablos hechos sangrientos del pasado\u00bb y por eso se le puso una denuncia a la UEFA y a la FIFA. Se exige que se anulen los tres puntos obtenidos por esa victoria, ya que la camiseta ser\u00eda una forma de manifestar \u00abde forma expl\u00edcita la superiodad racista de una religi\u00f3n\u00bb.<\/p>\n<p>Est\u00e1 claro que el tema del racismo en el f\u00fatbol es serio y hay que tomar medidas. Pero&#8230; \u00bfesto? Creo que est\u00e1 claro que el Inter no pensaba en los s\u00edmbolos templarios en el momento de elegir el dise\u00f1o de su camiseta, y aunque as\u00ed fuera, no ser\u00eda determinante para el resultado de los partidos. La victoria fue categ\u00f3rica y es casi obvio que todo esto es s\u00f3lo una cuchufleta por la derrota. Respeto para las religiones, s\u00ed, pero el respeto se gana respetando a los dem\u00e1s y no s\u00e9 si protestar por una camiseta sea muy respetuoso. <em>(V\u00eda <a href=\"http:\/\/bolg.tumblr.com\/post\/21240196\">Bolg<\/a>)<\/em><\/p>\n","protected":false},"excerpt":{"rendered":"<p>Es lo que cree el abogado turco Baris Kaska, despu\u00e9s de que el equipo Fenerbah\u00e7e de Turqu\u00eda perdiera contra el Inter de Mil\u00e1n. La derrota del equipo se asocia a la camiseta que usaba el equipo italiano, que seg\u00fan los turcos es una ofensa a su religi\u00f3n. La superioridad del equipo italiano sobre el terreno [&hellip;]<\/p>\n","protected":false},"author":2,"featured_media":0,"comment_status":"open","ping_status":"open","sticky":false,"template":"","format":"standard","meta":{"footnotes":""},"categories":[9,7],"tags":[],"class_list":["post-458","post","type-post","status-publish","format-standard","hentry","category-chanta","category-internacional"],"_links":{"self":[{"href":"http:\/\/www.sofoca.cl\/pebre\/wp-json\/wp\/v2\/posts\/458","targetHints":{"allow":["GET"]}}],"collection":[{"href":"http:\/\/www.sofoca.cl\/pebre\/wp-json\/wp\/v2\/posts"}],"about":[{"href":"http:\/\/www.sofoca.cl\/pebre\/wp-json\/wp\/v2\/types\/post"}],"author":[{"embeddable":true,"href":"http:\/\/www.sofoca.cl\/pebre\/wp-json\/wp\/v2\/users\/2"}],"replies":[{"embeddable":true,"href":"http:\/\/www.sofoca.cl\/pebre\/wp-json\/wp\/v2\/comments?post=458"}],"version-history":[{"count":0,"href":"http:\/\/www.sofoca.cl\/pebre\/wp-json\/wp\/v2\/posts\/458\/revisions"}],"wp:attachment":[{"href":"http:\/\/www.sofoca.cl\/pebre\/wp-json\/wp\/v2\/media?parent=458"}],"wp:term":[{"taxonomy":"category","embeddable":true,"href":"http:\/\/www.sofoca.cl\/pebre\/wp-json\/wp\/v2\/categories?post=458"},{"taxonomy":"post_tag","embeddable":true,"href":"http:\/\/www.sofoca.cl\/pebre\/wp-json\/wp\/v2\/tags?post=458"}],"curies":[{"name":"wp","href":"https:\/\/api.w.org\/{rel}","templated":true}]}}