{"id":460,"date":"2007-12-11T15:42:00","date_gmt":"2007-12-11T19:42:00","guid":{"rendered":"http:\/\/www.sofoca.cl\/pebre\/2007\/12\/11\/roberto-carlos-quiere-tener-un-millon-de-amigos-en-myspace\/"},"modified":"2008-09-21T21:29:54","modified_gmt":"2008-09-22T01:29:54","slug":"roberto-carlos-quiere-tener-un-millon-de-amigos-en-myspace","status":"publish","type":"post","link":"http:\/\/www.sofoca.cl\/pebre\/2007\/12\/11\/roberto-carlos-quiere-tener-un-millon-de-amigos-en-myspace\/","title":{"rendered":"Roberto Carlos quiere tener un mill\u00f3n de amigos en MySpace"},"content":{"rendered":"<p><img decoding=\"async\" src=\"http:\/\/www.sofoca.cl\/pebre\/wp-content\/uploads\/2007\/12\/180px-robertocarlosinicioanos70.jpg\" alt=\"Roberto Carlos\" align=\"right\" \/>\u00bfQui\u00e9n no se acuerda de esta canci\u00f3n?<\/p>\n<blockquote><p>Quiero tener un mill\u00f3n de amigos<br \/>\ny as\u00ed m\u00e1s fuerte poder cantar<\/p><\/blockquote>\n<p>As\u00ed clamaba el cantante brasile\u00f1o <a href=\"http:\/\/es.wikipedia.org\/wiki\/Roberto_Carlos_%28cantante%29\">Roberto Carlos<\/a> en su canci\u00f3n apropiadamente titulada \u00ab<a href=\"http:\/\/www.youtube.com\/watch?v=gBlat84-GFs\">Quiero tener un mill\u00f3n de amigos<\/a>\u00ab. A pesar de haber tenido su mayor \u00e9xito en los a\u00f1os &#8217;70, Roberto Carlos todav\u00eda no pierde su sue\u00f1o.<\/p>\n<p>Y todo se ve facilitado con las maravillas de internet. <a href=\"http:\/\/twitter.com\/Francotirador\/statuses\/481842262\">Muchos se preguntaban<\/a> por qu\u00e9 Roberto Carlos no hab\u00eda accedido a las facilidades de las redes sociales por internet para reunir su mill\u00f3n de amigos.<\/p>\n<p>Ahora es cuando. El sitio <a href=\"http:\/\/www.theuncoolhunter.com\/\">The Uncoolhunter<\/a> ha iniciado su campa\u00f1a \u00abun mill\u00f3n de amigos para Roberto Carlos\u00bb. \u00bfC\u00f3mo? \u00a1Pues en MySpace! Si agregas como amigo a <strong><a href=\"http:\/\/www.myspace.com\/millondeamigos\">la cuenta oficial de Roberto Carlos<\/a><\/strong> podr\u00e1s ayudarlo a cumplir su sue\u00f1o. Hasta el momento llevan.. eh&#8230; 152. Con tu ayuda, pueden ser un mill\u00f3n.<\/p>\n<p><strong>ACTUALIZACI\u00d3N: <\/strong>Ya, HOYGANs de moledera. A pesar de que me joraban, igual los quiero por que me hacen reir y les tengo la firme sobre el concierto. <strong>Roberto Carlos tocar\u00e1 en Chile el 17 de junio a las 21:00 horas en el Arena Santiago<\/strong>. Las entradas las venden en Puntoticket, as\u00ed que no vengan a decirme que quieren que les venda entrad- OH WAIT. <em>(Gracias, Calio)<\/em><\/p>\n","protected":false},"excerpt":{"rendered":"<p>\u00bfQui\u00e9n no se acuerda de esta canci\u00f3n? Quiero tener un mill\u00f3n de amigos y as\u00ed m\u00e1s fuerte poder cantar As\u00ed clamaba el cantante brasile\u00f1o Roberto Carlos en su canci\u00f3n apropiadamente titulada \u00abQuiero tener un mill\u00f3n de amigos\u00ab. A pesar de haber tenido su mayor \u00e9xito en los a\u00f1os &#8217;70, Roberto Carlos todav\u00eda no pierde su [&hellip;]<\/p>\n","protected":false},"author":2,"featured_media":0,"comment_status":"closed","ping_status":"open","sticky":false,"template":"","format":"standard","meta":{"footnotes":""},"categories":[16,5,10,6],"tags":[],"class_list":["post-460","post","type-post","status-publish","format-standard","hentry","category-bakan","category-internet","category-loco","category-musica"],"_links":{"self":[{"href":"http:\/\/www.sofoca.cl\/pebre\/wp-json\/wp\/v2\/posts\/460","targetHints":{"allow":["GET"]}}],"collection":[{"href":"http:\/\/www.sofoca.cl\/pebre\/wp-json\/wp\/v2\/posts"}],"about":[{"href":"http:\/\/www.sofoca.cl\/pebre\/wp-json\/wp\/v2\/types\/post"}],"author":[{"embeddable":true,"href":"http:\/\/www.sofoca.cl\/pebre\/wp-json\/wp\/v2\/users\/2"}],"replies":[{"embeddable":true,"href":"http:\/\/www.sofoca.cl\/pebre\/wp-json\/wp\/v2\/comments?post=460"}],"version-history":[{"count":1,"href":"http:\/\/www.sofoca.cl\/pebre\/wp-json\/wp\/v2\/posts\/460\/revisions"}],"predecessor-version":[{"id":843,"href":"http:\/\/www.sofoca.cl\/pebre\/wp-json\/wp\/v2\/posts\/460\/revisions\/843"}],"wp:attachment":[{"href":"http:\/\/www.sofoca.cl\/pebre\/wp-json\/wp\/v2\/media?parent=460"}],"wp:term":[{"taxonomy":"category","embeddable":true,"href":"http:\/\/www.sofoca.cl\/pebre\/wp-json\/wp\/v2\/categories?post=460"},{"taxonomy":"post_tag","embeddable":true,"href":"http:\/\/www.sofoca.cl\/pebre\/wp-json\/wp\/v2\/tags?post=460"}],"curies":[{"name":"wp","href":"https:\/\/api.w.org\/{rel}","templated":true}]}}