{"id":483,"date":"2007-12-15T14:09:42","date_gmt":"2007-12-15T18:09:42","guid":{"rendered":"http:\/\/www.sofoca.cl\/pebre\/2007\/12\/15\/la-prueba-de-la-bicicleta\/"},"modified":"2007-12-15T14:09:42","modified_gmt":"2007-12-15T18:09:42","slug":"la-prueba-de-la-bicicleta","status":"publish","type":"post","link":"http:\/\/www.sofoca.cl\/pebre\/2007\/12\/15\/la-prueba-de-la-bicicleta\/","title":{"rendered":"La prueba de la bicicleta"},"content":{"rendered":"<iframe loading=\"lazy\" title=\"La Prueba de la Bicicleta - Scalabrini Ortiz y Corrientes\" width=\"500\" height=\"375\" src=\"https:\/\/www.youtube.com\/embed\/FYHuIkaSXcs?feature=oembed\" frameborder=\"0\" allow=\"accelerometer; autoplay; clipboard-write; encrypted-media; gyroscope; picture-in-picture; web-share\" referrerpolicy=\"strict-origin-when-cross-origin\" allowfullscreen><\/iframe>\n<p>Dicen que la delincuencia (y el nivel de la percepci\u00f3n de la delincuencia) han subido estratosf\u00e9ricamente en el \u00faltimo tiempo. Es una triste verdad que afecta no s\u00f3lo a Chile, sino a varios pa\u00edses de Latinoam\u00e9rica. Mariano Pasik tuvo una idea para medir el nivel de delincuencia en distintos sectores de su ciudad, Buenos Aires. Para ello, desarroll\u00f3 <a href=\"http:\/\/www.lapruebadelabicicleta.com\/blog\">La prueba de la bicicleta<\/a>:<\/p>\n<blockquote><p>Todos so\u00f1amos poder volver a dejar la bici en la puerta de la panader\u00eda, comprar el pan, y que est\u00e9 ah\u00ed cuando salimos. Pero en Buenos Aires muy pocos nos atrevemos a hacerlo. Bueno, aqu\u00ed est\u00e1: \u201cLa prueba de la Bicicleta\u201d, una experiencia documental que sue\u00f1a con que la bici permanezca horas en el mismo lugar. O al menos, lo suficiente hasta que se acabe el tape. (&#8230;)<\/p>\n<p>El proyecto consiste en dejar una bicicleta apoyada en un palo de luz, en un \u00e1rbol, en el piso, contra una pared, en cualquier esquina de cualquier ciudad. Una c\u00e1mara graba y cronometra desde el momento en que una persona deja esa bicicleta abandonada, hasta el momento en que otra persona se la lleva, permitiendo as\u00ed saber cuanto dura una bicicleta sin resguardo en ese lugar. Todo simulacro queda descartado; los videos reales reflejan hurtos verdaderos.<\/p><\/blockquote>\n<p>De esa manera, podemos ver <strong><a href=\"http:\/\/www.lapruebadelabicicleta.com\/\">varios videos<\/a><\/strong> con m\u00fasica de Kusturica que reflejan la \u00abduraci\u00f3n\u00bb de una bicicleta desprotegida. Resulta sorprendente que variando el lugar, se logran diferencias notables, muchas bicicletas se van antes de los diez minutos y otras llegan a durar casi cuarenta. \u00bfConclusi\u00f3n? No deje su bicicleta sola en Buenos Aires. \u00bfLo triste? No creo que esto sea muy diferente en Santiago o alguna otra ciudad chilena. Hasta puede ser peor. <em>(V\u00eda <a href=\"http:\/\/bip.tumblr.com\/post\/21665476\">Bip!<\/a>)<\/em><\/p>\n","protected":false},"excerpt":{"rendered":"<p>Dicen que la delincuencia (y el nivel de la percepci\u00f3n de la delincuencia) han subido estratosf\u00e9ricamente en el \u00faltimo tiempo. Es una triste verdad que afecta no s\u00f3lo a Chile, sino a varios pa\u00edses de Latinoam\u00e9rica. Mariano Pasik tuvo una idea para medir el nivel de delincuencia en distintos sectores de su ciudad, Buenos Aires. [&hellip;]<\/p>\n","protected":false},"author":2,"featured_media":0,"comment_status":"open","ping_status":"open","sticky":false,"template":"","format":"standard","meta":{"footnotes":""},"categories":[9,7,4],"tags":[],"class_list":["post-483","post","type-post","status-publish","format-standard","hentry","category-chanta","category-internacional","category-videos"],"_links":{"self":[{"href":"http:\/\/www.sofoca.cl\/pebre\/wp-json\/wp\/v2\/posts\/483","targetHints":{"allow":["GET"]}}],"collection":[{"href":"http:\/\/www.sofoca.cl\/pebre\/wp-json\/wp\/v2\/posts"}],"about":[{"href":"http:\/\/www.sofoca.cl\/pebre\/wp-json\/wp\/v2\/types\/post"}],"author":[{"embeddable":true,"href":"http:\/\/www.sofoca.cl\/pebre\/wp-json\/wp\/v2\/users\/2"}],"replies":[{"embeddable":true,"href":"http:\/\/www.sofoca.cl\/pebre\/wp-json\/wp\/v2\/comments?post=483"}],"version-history":[{"count":0,"href":"http:\/\/www.sofoca.cl\/pebre\/wp-json\/wp\/v2\/posts\/483\/revisions"}],"wp:attachment":[{"href":"http:\/\/www.sofoca.cl\/pebre\/wp-json\/wp\/v2\/media?parent=483"}],"wp:term":[{"taxonomy":"category","embeddable":true,"href":"http:\/\/www.sofoca.cl\/pebre\/wp-json\/wp\/v2\/categories?post=483"},{"taxonomy":"post_tag","embeddable":true,"href":"http:\/\/www.sofoca.cl\/pebre\/wp-json\/wp\/v2\/tags?post=483"}],"curies":[{"name":"wp","href":"https:\/\/api.w.org\/{rel}","templated":true}]}}