{"id":484,"date":"2007-12-17T21:58:13","date_gmt":"2007-12-18T01:58:13","guid":{"rendered":"http:\/\/www.sofoca.cl\/pebre\/2007\/12\/17\/amonestan-a-un-alumno-por-usar-firefox\/"},"modified":"2007-12-17T22:53:37","modified_gmt":"2007-12-18T02:53:37","slug":"amonestan-a-un-alumno-por-usar-firefox","status":"publish","type":"post","link":"http:\/\/www.sofoca.cl\/pebre\/2007\/12\/17\/amonestan-a-un-alumno-por-usar-firefox\/","title":{"rendered":"Amonestan a un alumno por usar Firefox"},"content":{"rendered":"<p>En <a href=\"http:\/\/www.theinquirer.net\/gb\/inquirer\/news\/2007\/12\/17\/schoolboy-punished-firefox\">The Enquirer<\/a> cuentan que en Pensilvania, EE. UU., un estudiante de secundaria fue castigado por usar Firefox en clase. Su profesor hizo un reporte que se puede ver <a href=\"http:\/\/www.uploadgeek.com\/uploads456\/0\/1197784327416.png\">aqu\u00ed<\/a>.<\/p>\n<p>Un extracto traducido:<\/p>\n<blockquote><p>Al(los) padre(s) \/ guardian(es) de [el alumno], Grado 11<\/p>\n<p>\u00c9sto es para informarle que a [el alumno] se le ha asignado una amonestaci\u00f3n [&#8230;]<\/p>\n<p>Descripci\u00f3n del incidente: Hoy d\u00eda en clases [el alumno] ten\u00eda un programa abierto llamado Foxfire.exe [sic]. Yo le dije a [el alumno] que cerrara el programa y siguiera trabajando pero \u00e9l me dijo que eso era solamente un navegador diferente y que \u00e9l estaba haciendo su trabajo. Yo le d\u00ed dos advertencias pero \u00e9l insisti\u00f3 que era solamente un navegador \u00abmejor\u00bb y que \u00e9l no estaba haciendo nada malo. Entonces yo emit\u00ed esta amonestaci\u00f3n.<\/p><\/blockquote>\n<p>Y despu\u00e9s dicen que ac\u00e1 somos <a href=\"http:\/\/www.sofoca.cl\/pebre\/2007\/09\/07\/el-52-de-los-chilenos-son-analfabetos-digitales\/\">\u00abanalfabetos digitales\u00bb<\/a>. <em>(V\u00eda <a href=\"http:\/\/www.fayerwayer.com\/2007\/12\/se-acerca-la-proxima-version-de-firewire-y-usb\/#comment-257815\">un comentario en FayerWayer<\/a>)<\/em><\/p>\n<p><ins datetime=\"2007-12-18T02:52:51+00:00\"><strong>Actualizaci\u00f3n:<\/strong><\/ins> Es <a href=\"http:\/\/blog.wired.com\/gadgets\/2007\/12\/11th-grader-giv.html?update\">un hoax<\/a>.<\/p>\n","protected":false},"excerpt":{"rendered":"<p>En The Enquirer cuentan que en Pensilvania, EE. UU., un estudiante de secundaria fue castigado por usar Firefox en clase. Su profesor hizo un reporte que se puede ver aqu\u00ed. Un extracto traducido: Al(los) padre(s) \/ guardian(es) de [el alumno], Grado 11 \u00c9sto es para informarle que a [el alumno] se le ha asignado una [&hellip;]<\/p>\n","protected":false},"author":3,"featured_media":0,"comment_status":"open","ping_status":"open","sticky":false,"template":"","format":"standard","meta":{"footnotes":""},"categories":[9,7,18],"tags":[],"class_list":["post-484","post","type-post","status-publish","format-standard","hentry","category-chanta","category-internacional","category-tecnologia"],"_links":{"self":[{"href":"http:\/\/www.sofoca.cl\/pebre\/wp-json\/wp\/v2\/posts\/484","targetHints":{"allow":["GET"]}}],"collection":[{"href":"http:\/\/www.sofoca.cl\/pebre\/wp-json\/wp\/v2\/posts"}],"about":[{"href":"http:\/\/www.sofoca.cl\/pebre\/wp-json\/wp\/v2\/types\/post"}],"author":[{"embeddable":true,"href":"http:\/\/www.sofoca.cl\/pebre\/wp-json\/wp\/v2\/users\/3"}],"replies":[{"embeddable":true,"href":"http:\/\/www.sofoca.cl\/pebre\/wp-json\/wp\/v2\/comments?post=484"}],"version-history":[{"count":0,"href":"http:\/\/www.sofoca.cl\/pebre\/wp-json\/wp\/v2\/posts\/484\/revisions"}],"wp:attachment":[{"href":"http:\/\/www.sofoca.cl\/pebre\/wp-json\/wp\/v2\/media?parent=484"}],"wp:term":[{"taxonomy":"category","embeddable":true,"href":"http:\/\/www.sofoca.cl\/pebre\/wp-json\/wp\/v2\/categories?post=484"},{"taxonomy":"post_tag","embeddable":true,"href":"http:\/\/www.sofoca.cl\/pebre\/wp-json\/wp\/v2\/tags?post=484"}],"curies":[{"name":"wp","href":"https:\/\/api.w.org\/{rel}","templated":true}]}}