{"id":491,"date":"2007-12-23T15:31:51","date_gmt":"2007-12-23T19:31:51","guid":{"rendered":"http:\/\/www.sofoca.cl\/pebre\/2007\/12\/23\/la-primera-persona-en-salir-en-una-fotografia\/"},"modified":"2007-12-23T15:31:51","modified_gmt":"2007-12-23T19:31:51","slug":"la-primera-persona-en-salir-en-una-fotografia","status":"publish","type":"post","link":"http:\/\/www.sofoca.cl\/pebre\/2007\/12\/23\/la-primera-persona-en-salir-en-una-fotografia\/","title":{"rendered":"La primera persona en salir en una fotograf\u00eda"},"content":{"rendered":"<p>En los inicios de la fotograf\u00eda, la tecnolog\u00eda no se hab\u00eda perfeccionado lo suficiente y las fotos necesitaban un tiempo monstruoso de exposici\u00f3n. Por ejemplo, <a href=\"http:\/\/en.wikipedia.org\/wiki\/Image:View_from_the_Window_at_Le_Gras%2C_Joseph_Nic%C3%A9phore_Ni%C3%A9pce.jpg\">la primera foto tomada en la historia<\/a> (por Joseph-Nic\u00e9phore Ni\u00e9pce en 1826) tard\u00f3 diez horas en tomarse. Por eso, en sus inicios no se us\u00f3 la t\u00e9cnica de la fotograf\u00eda para retratar personas, pues es casi imposible que una persona est\u00e9 quieta tanto tiempo y que la foto salga bien.<\/p>\n<p>\u00bfY cu\u00e1l es la primera persona que sali\u00f3 en una fotograf\u00eda? B\u00fasquelo en la foto siguiente:<\/p>\n<p style=\"text-align: center\"><img decoding=\"async\" src=\"http:\/\/www.sofoca.cl\/pebre\/wp-content\/uploads\/2007\/12\/800px-boulevard_du_temple.jpg\" alt=\"Boulevard\" \/><\/p>\n<p><a href=\"http:\/\/en.wikipedia.org\/wiki\/Image:Boulevard_du_Temple.jpg\">La foto<\/a> fue tomada por <a href=\"http:\/\/es.wikipedia.org\/wiki\/Louis_Daguerre\">Louis Daguerre<\/a> en 1838 o 1939. Para ese entonces, la foto necesitaba \u00abs\u00f3lo\u00bb de un tiempo de exposici\u00f3n de unos diez minutos, todav\u00eda demasiado para retratar gente. De hecho, la foto es de un lugar con alto tr\u00e1fico de personas, pero como est\u00e1n en constante movimiento, no alcanzaron a ser captados por la c\u00e1mara.<\/p>\n<p>\u00bfY c\u00f3mo hizo el tipo para salir? Fue sin querer: como se estaba lustrando los zapatos, estuvo forzado a estar en la misma posici\u00f3n durante un buen rato, el necesario para ser captado por la c\u00e1mara. <em>(V\u00eda <a href=\"http:\/\/www.futilitycloset.com\/2007\/12\/23\/accidentally-famous\/\">Futility Closet<\/a>)<\/em><\/p>\n","protected":false},"excerpt":{"rendered":"<p>En los inicios de la fotograf\u00eda, la tecnolog\u00eda no se hab\u00eda perfeccionado lo suficiente y las fotos necesitaban un tiempo monstruoso de exposici\u00f3n. Por ejemplo, la primera foto tomada en la historia (por Joseph-Nic\u00e9phore Ni\u00e9pce en 1826) tard\u00f3 diez horas en tomarse. Por eso, en sus inicios no se us\u00f3 la t\u00e9cnica de la fotograf\u00eda [&hellip;]<\/p>\n","protected":false},"author":2,"featured_media":0,"comment_status":"open","ping_status":"open","sticky":false,"template":"","format":"standard","meta":{"footnotes":""},"categories":[16,11,13],"tags":[],"class_list":["post-491","post","type-post","status-publish","format-standard","hentry","category-bakan","category-ciencia","category-fotos"],"_links":{"self":[{"href":"http:\/\/www.sofoca.cl\/pebre\/wp-json\/wp\/v2\/posts\/491","targetHints":{"allow":["GET"]}}],"collection":[{"href":"http:\/\/www.sofoca.cl\/pebre\/wp-json\/wp\/v2\/posts"}],"about":[{"href":"http:\/\/www.sofoca.cl\/pebre\/wp-json\/wp\/v2\/types\/post"}],"author":[{"embeddable":true,"href":"http:\/\/www.sofoca.cl\/pebre\/wp-json\/wp\/v2\/users\/2"}],"replies":[{"embeddable":true,"href":"http:\/\/www.sofoca.cl\/pebre\/wp-json\/wp\/v2\/comments?post=491"}],"version-history":[{"count":0,"href":"http:\/\/www.sofoca.cl\/pebre\/wp-json\/wp\/v2\/posts\/491\/revisions"}],"wp:attachment":[{"href":"http:\/\/www.sofoca.cl\/pebre\/wp-json\/wp\/v2\/media?parent=491"}],"wp:term":[{"taxonomy":"category","embeddable":true,"href":"http:\/\/www.sofoca.cl\/pebre\/wp-json\/wp\/v2\/categories?post=491"},{"taxonomy":"post_tag","embeddable":true,"href":"http:\/\/www.sofoca.cl\/pebre\/wp-json\/wp\/v2\/tags?post=491"}],"curies":[{"name":"wp","href":"https:\/\/api.w.org\/{rel}","templated":true}]}}