{"id":493,"date":"2007-12-23T15:58:03","date_gmt":"2007-12-23T19:58:03","guid":{"rendered":"http:\/\/www.sofoca.cl\/pebre\/2007\/12\/23\/vtr-pone-comerciales-durante-los-programas\/"},"modified":"2007-12-23T15:58:03","modified_gmt":"2007-12-23T19:58:03","slug":"vtr-pone-comerciales-durante-los-programas","status":"publish","type":"post","link":"http:\/\/www.sofoca.cl\/pebre\/2007\/12\/23\/vtr-pone-comerciales-durante-los-programas\/","title":{"rendered":"VTR pone comerciales durante los programas"},"content":{"rendered":"<p>Yo antes ten\u00eda la <a href=\"http:\/\/www.vtr.cl\/portalcable\/\">televisi\u00f3n por cable de VTR<\/a> (ya no) y si bien ten\u00eda buenos canales, una cosa que siempre me molest\u00f3 fue que pusieran comerciales sobre los canales, de manera arbitraria. Claro, lo hac\u00edan durante el espacio dedicado a las publicidades, pero muchas veces cortaban comerciales interesantes de ver o muchas veces cortaban partes del mismo programa, sin ning\u00fan criterio. Desde hace casi un a\u00f1o tengo <a href=\"http:\/\/www.directvchile.cl\/\">DirecTV<\/a> y a pesar de no tener canales que quiero ver y que igual ponen comerciales, lo hacen de buena manera y de hecho no se nota que ellos lo hayan puesto, pasan piola.<\/p>\n<p>Por <a href=\"http:\/\/twitter.com\/godlike\">un tuiteo de Godlike<\/a> me entero que VTR todav\u00eda pone comerciales a la mala dentro de los canales, pero ahora con un agravante: los comerciales est\u00e1n puestos <strong>sobre los programas<\/strong>, sin ning\u00fan miramiento. Tandas de cinco o cuatro comerciales seguidos en medio de los programas hacen que uno se pierda gran parte del contenido. Se les ha visto durante programas deportivos, <a href=\"http:\/\/www.reclamos.cl\/reclamo\/vtr_10_minutos_de_comerciales_en_una_pelicula\">pel\u00edculas<\/a> y hasta <a href=\"http:\/\/www.lacueva.cl\/frog\/archive\/index.php\/t-30085.html\">en el History Channel<\/a>.<\/p>\n<p style=\"text-align: center\"><img decoding=\"async\" src=\"http:\/\/www.sofoca.cl\/pebre\/wp-content\/uploads\/2007\/12\/prueba3fn5.jpg\" alt=\"Comercial en medio de una pel\u00edcula\" \/><\/p>\n<p>Supongo que la idea de VTR es poner las propagandas durante el espacio de los comerciales y estos resultan corridos durante las retransmisiones; pero no es pasable que sean tan malos para achuntarle cu\u00e1ndo es propaganda o no. En <a href=\"http:\/\/www.reclamos.cl\/reclamo\/vtr_cable_publicidad_nacional\">el sitio Reclamos<\/a> se ha abierto una p\u00e1gina para que&#8230; eh&#8230; reclamen.<\/p>\n","protected":false},"excerpt":{"rendered":"<p>Yo antes ten\u00eda la televisi\u00f3n por cable de VTR (ya no) y si bien ten\u00eda buenos canales, una cosa que siempre me molest\u00f3 fue que pusieran comerciales sobre los canales, de manera arbitraria. Claro, lo hac\u00edan durante el espacio dedicado a las publicidades, pero muchas veces cortaban comerciales interesantes de ver o muchas veces cortaban [&hellip;]<\/p>\n","protected":false},"author":2,"featured_media":0,"comment_status":"open","ping_status":"open","sticky":false,"template":"","format":"standard","meta":{"footnotes":""},"categories":[9,12,14],"tags":[],"class_list":["post-493","post","type-post","status-publish","format-standard","hentry","category-chanta","category-chile","category-publicidad"],"_links":{"self":[{"href":"http:\/\/www.sofoca.cl\/pebre\/wp-json\/wp\/v2\/posts\/493","targetHints":{"allow":["GET"]}}],"collection":[{"href":"http:\/\/www.sofoca.cl\/pebre\/wp-json\/wp\/v2\/posts"}],"about":[{"href":"http:\/\/www.sofoca.cl\/pebre\/wp-json\/wp\/v2\/types\/post"}],"author":[{"embeddable":true,"href":"http:\/\/www.sofoca.cl\/pebre\/wp-json\/wp\/v2\/users\/2"}],"replies":[{"embeddable":true,"href":"http:\/\/www.sofoca.cl\/pebre\/wp-json\/wp\/v2\/comments?post=493"}],"version-history":[{"count":0,"href":"http:\/\/www.sofoca.cl\/pebre\/wp-json\/wp\/v2\/posts\/493\/revisions"}],"wp:attachment":[{"href":"http:\/\/www.sofoca.cl\/pebre\/wp-json\/wp\/v2\/media?parent=493"}],"wp:term":[{"taxonomy":"category","embeddable":true,"href":"http:\/\/www.sofoca.cl\/pebre\/wp-json\/wp\/v2\/categories?post=493"},{"taxonomy":"post_tag","embeddable":true,"href":"http:\/\/www.sofoca.cl\/pebre\/wp-json\/wp\/v2\/tags?post=493"}],"curies":[{"name":"wp","href":"https:\/\/api.w.org\/{rel}","templated":true}]}}