{"id":497,"date":"2007-12-25T19:23:47","date_gmt":"2007-12-25T23:23:47","guid":{"rendered":"http:\/\/www.sofoca.cl\/pebre\/2007\/12\/25\/el-mejor-nombre-para-un-restaurante\/"},"modified":"2007-12-25T19:25:08","modified_gmt":"2007-12-25T23:25:08","slug":"el-mejor-nombre-para-un-restaurante","status":"publish","type":"post","link":"http:\/\/www.sofoca.cl\/pebre\/2007\/12\/25\/el-mejor-nombre-para-un-restaurante\/","title":{"rendered":"El mejor nombre para un restaurante"},"content":{"rendered":"<p>Antes, los restaurantes ten\u00edan nombres familiares, rimbombantes o simp\u00e1ticos. Pero ahora, el umbral de la originalidad ha alcanzado un l\u00edmite y la piedra angular de la nomenclatura restaurant\u00edstica se ha roto.<\/p>\n<p style=\"text-align: center\"><a href=\"http:\/\/www.flickr.com\/photos\/hdur\/2136727254\/\"><img loading=\"lazy\" decoding=\"async\" src=\"http:\/\/farm3.static.flickr.com\/2030\/2136727254_3e99377440.jpg\" height=\"500\" width=\"375\"  alt=\"\" \/><\/a><\/p>\n<p><strong>El colmo de la originalidad<\/strong>. \u00bfC\u00f3mo se les ocurre ponerle \u00abNO S\u00c9\u00bb al restaurante? Ya me imagino la historia:  \u00abEs que est\u00e1bamos pensando en un nombre y no se nos ocurr\u00eda ninguno, entonces alguien me pregunt\u00f3 &#8216;Oye, \u00bfqu\u00e9 nombre le vamos a poner al restaurant?&#8217; y yo dije &#8216;no s\u00e9&#8230;&#8217; y <a href=\"http:\/\/www.flickr.com\/photos\/hdur\/2136727254\/\">ah\u00ed qued\u00f3<\/a>&#8230;\u00bb<\/p>\n<p>Si quieren verlo, est\u00e1 en Puerto Varas, Chile. Aunque la verdad, no se los recomiendo. En realidad, no s\u00e9.<\/p>\n","protected":false},"excerpt":{"rendered":"<p>Antes, los restaurantes ten\u00edan nombres familiares, rimbombantes o simp\u00e1ticos. Pero ahora, el umbral de la originalidad ha alcanzado un l\u00edmite y la piedra angular de la nomenclatura restaurant\u00edstica se ha roto. El colmo de la originalidad. \u00bfC\u00f3mo se les ocurre ponerle \u00abNO S\u00c9\u00bb al restaurante? Ya me imagino la historia: \u00abEs que est\u00e1bamos pensando en [&hellip;]<\/p>\n","protected":false},"author":2,"featured_media":0,"comment_status":"open","ping_status":"open","sticky":false,"template":"","format":"standard","meta":{"footnotes":""},"categories":[16,9,12,13],"tags":[],"class_list":["post-497","post","type-post","status-publish","format-standard","hentry","category-bakan","category-chanta","category-chile","category-fotos"],"_links":{"self":[{"href":"http:\/\/www.sofoca.cl\/pebre\/wp-json\/wp\/v2\/posts\/497","targetHints":{"allow":["GET"]}}],"collection":[{"href":"http:\/\/www.sofoca.cl\/pebre\/wp-json\/wp\/v2\/posts"}],"about":[{"href":"http:\/\/www.sofoca.cl\/pebre\/wp-json\/wp\/v2\/types\/post"}],"author":[{"embeddable":true,"href":"http:\/\/www.sofoca.cl\/pebre\/wp-json\/wp\/v2\/users\/2"}],"replies":[{"embeddable":true,"href":"http:\/\/www.sofoca.cl\/pebre\/wp-json\/wp\/v2\/comments?post=497"}],"version-history":[{"count":0,"href":"http:\/\/www.sofoca.cl\/pebre\/wp-json\/wp\/v2\/posts\/497\/revisions"}],"wp:attachment":[{"href":"http:\/\/www.sofoca.cl\/pebre\/wp-json\/wp\/v2\/media?parent=497"}],"wp:term":[{"taxonomy":"category","embeddable":true,"href":"http:\/\/www.sofoca.cl\/pebre\/wp-json\/wp\/v2\/categories?post=497"},{"taxonomy":"post_tag","embeddable":true,"href":"http:\/\/www.sofoca.cl\/pebre\/wp-json\/wp\/v2\/tags?post=497"}],"curies":[{"name":"wp","href":"https:\/\/api.w.org\/{rel}","templated":true}]}}