{"id":541,"date":"2008-01-07T03:50:26","date_gmt":"2008-01-07T06:50:26","guid":{"rendered":"http:\/\/www.sofoca.cl\/pebre\/2008\/01\/07\/el-cuadrado-negro\/"},"modified":"2008-01-07T03:50:26","modified_gmt":"2008-01-07T06:50:26","slug":"el-cuadrado-negro","status":"publish","type":"post","link":"http:\/\/www.sofoca.cl\/pebre\/2008\/01\/07\/el-cuadrado-negro\/","title":{"rendered":"El cuadrado negro"},"content":{"rendered":"<p style=\"text-align: center\"><img decoding=\"async\" src=\"http:\/\/www.sofoca.cl\/pebre\/wp-content\/uploads\/2008\/01\/cuadradoon4.jpg\" alt=\"Cuadrado\" \/><\/p>\n<p>\u00a0Lo de la imagen no es nada m\u00e1s y nada menos que <strong>un cuadrado negro sobre un fondo blanco<\/strong>. Usted se preguntar\u00e1 qu\u00e9 tiene de especial. Pues bien; a primera vista, no mucho. Pero sabiendo m\u00e1s sobre la imagen nos encontramos con cosas interesantes&#8230;<\/p>\n<p>La imagen es de una pintura. La hizo <a href=\"http:\/\/es.wikipedia.org\/wiki\/Kasimir_Malevich\">Kazimir Malevich<\/a> en 1915 y es una de sus pinturas m\u00e1s famosas, sino la m\u00e1s famosa. La duda es, <strong>\u00bf<a href=\"http:\/\/86400.es\/2008\/01\/06\/cuadrado-negro-sobre-fondo-blanco\/\">esto es arte<\/a>?<\/strong> Seg\u00fan algunos no, es <strong>s\u00f3lo un cuadrado negro<\/strong>. Seg\u00fan algunos, s\u00ed. \u00bfEl arte son s\u00f3lo las pinturas complejas que parecen fotos? \u00bfNo hay m\u00e9rito art\u00edstico en un cuadrado negro? En la \u00e9poca que se cre\u00f3 fue muy rupturista, supongo. Y ahora cualquier cosa es arte, as\u00ed que el cuadrado negro tiene m\u00e9ritos.<\/p>\n<p>Si les parece idiota la famos\u00edsima pintura del cuadrado negro sobre fondo blanco, pueden horrorizarse a\u00fan m\u00e1s y ver <a href=\"http:\/\/aprendersociales.blogspot.com\/2006\/10\/kazemir-malevich.html\">el cuadrado blanco sobre fondo blanco<\/a> del mismo autor, y preguntarse en qu\u00e9 han estado perdiendo el tiempo durante todo este rato: ya podr\u00edan ser artistas famosos, pintando cuadrados.<\/p>\n","protected":false},"excerpt":{"rendered":"<p>\u00a0Lo de la imagen no es nada m\u00e1s y nada menos que un cuadrado negro sobre un fondo blanco. Usted se preguntar\u00e1 qu\u00e9 tiene de especial. Pues bien; a primera vista, no mucho. Pero sabiendo m\u00e1s sobre la imagen nos encontramos con cosas interesantes&#8230; La imagen es de una pintura. La hizo Kazimir Malevich en [&hellip;]<\/p>\n","protected":false},"author":2,"featured_media":0,"comment_status":"open","ping_status":"open","sticky":false,"template":"","format":"standard","meta":{"footnotes":""},"categories":[16,9,10],"tags":[],"class_list":["post-541","post","type-post","status-publish","format-standard","hentry","category-bakan","category-chanta","category-loco"],"_links":{"self":[{"href":"http:\/\/www.sofoca.cl\/pebre\/wp-json\/wp\/v2\/posts\/541","targetHints":{"allow":["GET"]}}],"collection":[{"href":"http:\/\/www.sofoca.cl\/pebre\/wp-json\/wp\/v2\/posts"}],"about":[{"href":"http:\/\/www.sofoca.cl\/pebre\/wp-json\/wp\/v2\/types\/post"}],"author":[{"embeddable":true,"href":"http:\/\/www.sofoca.cl\/pebre\/wp-json\/wp\/v2\/users\/2"}],"replies":[{"embeddable":true,"href":"http:\/\/www.sofoca.cl\/pebre\/wp-json\/wp\/v2\/comments?post=541"}],"version-history":[{"count":0,"href":"http:\/\/www.sofoca.cl\/pebre\/wp-json\/wp\/v2\/posts\/541\/revisions"}],"wp:attachment":[{"href":"http:\/\/www.sofoca.cl\/pebre\/wp-json\/wp\/v2\/media?parent=541"}],"wp:term":[{"taxonomy":"category","embeddable":true,"href":"http:\/\/www.sofoca.cl\/pebre\/wp-json\/wp\/v2\/categories?post=541"},{"taxonomy":"post_tag","embeddable":true,"href":"http:\/\/www.sofoca.cl\/pebre\/wp-json\/wp\/v2\/tags?post=541"}],"curies":[{"name":"wp","href":"https:\/\/api.w.org\/{rel}","templated":true}]}}