{"id":552,"date":"2008-01-09T16:33:25","date_gmt":"2008-01-09T19:33:25","guid":{"rendered":"http:\/\/www.sofoca.cl\/pebre\/2008\/01\/09\/advertencia-no-salte-esta-valla\/"},"modified":"2008-01-09T16:33:25","modified_gmt":"2008-01-09T19:33:25","slug":"advertencia-no-salte-esta-valla","status":"publish","type":"post","link":"http:\/\/www.sofoca.cl\/pebre\/2008\/01\/09\/advertencia-no-salte-esta-valla\/","title":{"rendered":"Advertencia: No salte esta valla"},"content":{"rendered":"<p>Ac\u00e1 en Pebre nos gustan mucho los letreros deformes (<a href=\"http:\/\/www.sofoca.cl\/pebre\/?s=letrero\">busque por \u00abletrero\u00bb<\/a> en el buscador de la esquina y pillar\u00e1 unos cuantos) as\u00ed que cuando vi esto no pude dejar de sorprenderme:<\/p>\n<p style=\"text-align: center\"><img decoding=\"async\" src=\"http:\/\/www.sofoca.cl\/pebre\/wp-content\/uploads\/2008\/01\/1199892992_f.jpg\" alt=\"seban arepentir\" \/><\/p>\n<p>Creo que est\u00e1 m\u00e1s que claro que no hay que pasar. Y ahora, posteen, o si no <em>seban arepentir de abernacio<\/em>. <em>(V\u00eda <a href=\"http:\/\/www.fotolog.com\/vedeto_impotente\/16730109\">Vedeto Impotente<\/a>)<\/em><\/p>\n","protected":false},"excerpt":{"rendered":"<p>Ac\u00e1 en Pebre nos gustan mucho los letreros deformes (busque por \u00abletrero\u00bb en el buscador de la esquina y pillar\u00e1 unos cuantos) as\u00ed que cuando vi esto no pude dejar de sorprenderme: Creo que est\u00e1 m\u00e1s que claro que no hay que pasar. Y ahora, posteen, o si no seban arepentir de abernacio. (V\u00eda Vedeto [&hellip;]<\/p>\n","protected":false},"author":2,"featured_media":0,"comment_status":"open","ping_status":"open","sticky":false,"template":"","format":"standard","meta":{"footnotes":""},"categories":[16,13,19],"tags":[],"class_list":["post-552","post","type-post","status-publish","format-standard","hentry","category-bakan","category-fotos","category-lenguaje"],"_links":{"self":[{"href":"http:\/\/www.sofoca.cl\/pebre\/wp-json\/wp\/v2\/posts\/552","targetHints":{"allow":["GET"]}}],"collection":[{"href":"http:\/\/www.sofoca.cl\/pebre\/wp-json\/wp\/v2\/posts"}],"about":[{"href":"http:\/\/www.sofoca.cl\/pebre\/wp-json\/wp\/v2\/types\/post"}],"author":[{"embeddable":true,"href":"http:\/\/www.sofoca.cl\/pebre\/wp-json\/wp\/v2\/users\/2"}],"replies":[{"embeddable":true,"href":"http:\/\/www.sofoca.cl\/pebre\/wp-json\/wp\/v2\/comments?post=552"}],"version-history":[{"count":0,"href":"http:\/\/www.sofoca.cl\/pebre\/wp-json\/wp\/v2\/posts\/552\/revisions"}],"wp:attachment":[{"href":"http:\/\/www.sofoca.cl\/pebre\/wp-json\/wp\/v2\/media?parent=552"}],"wp:term":[{"taxonomy":"category","embeddable":true,"href":"http:\/\/www.sofoca.cl\/pebre\/wp-json\/wp\/v2\/categories?post=552"},{"taxonomy":"post_tag","embeddable":true,"href":"http:\/\/www.sofoca.cl\/pebre\/wp-json\/wp\/v2\/tags?post=552"}],"curies":[{"name":"wp","href":"https:\/\/api.w.org\/{rel}","templated":true}]}}