{"id":567,"date":"2008-01-11T21:04:40","date_gmt":"2008-01-12T00:04:40","guid":{"rendered":"http:\/\/www.sofoca.cl\/pebre\/2008\/01\/11\/impactante-panic-at-the-disco-quita-el-signo-de-exclamacion-de-su-nombre\/"},"modified":"2008-02-28T20:12:08","modified_gmt":"2008-02-28T23:12:08","slug":"impactante-panic-at-the-disco-quita-el-signo-de-exclamacion-de-su-nombre","status":"publish","type":"post","link":"http:\/\/www.sofoca.cl\/pebre\/2008\/01\/11\/impactante-panic-at-the-disco-quita-el-signo-de-exclamacion-de-su-nombre\/","title":{"rendered":"Impactante: Panic! at the Disco quita el signo de exclamaci\u00f3n de su nombre"},"content":{"rendered":"<p><img decoding=\"async\" src=\"http:\/\/upload.wikimedia.org\/wikipedia\/commons\/thumb\/f\/fa\/PanicAtTheDisco.jpg\/220px-PanicAtTheDisco.jpg\" align=\"right\"  alt=\"\" \/>\u00a1As\u00ed es! Es la noticia m\u00e1s importante en lo que va del a\u00f1o y seguramente la m\u00e1s importante en el resto del a\u00f1o sin importar lo que pase. No lo podemos creer.<\/p>\n<p>La<strike><\/strike> banda estadounidense emo electro rock pop punk <a href=\"http:\/\/en.wikipedia.org\/wiki\/Panic%21_at_the_disco\">Panic! at the Disco<\/a> cambia su nombre y ahora queda con el nombre de <strong>Panic at the Disco<\/strong>. Como podemos apreciar, la diferencia es desconcertante. No pod\u00edamos dejar pasar esta noticia porque la banda es muy buena y a todos nosotros nos encanta&#8230; no. \u00a1Siguiente! <em>(V\u00eda <a href=\"http:\/\/www.192.cl\/blog\/panic-at-the-disco-le-saca-el-al-panic\/\">192<\/a>)<\/em><\/p>\n","protected":false},"excerpt":{"rendered":"<p>\u00a1As\u00ed es! Es la noticia m\u00e1s importante en lo que va del a\u00f1o y seguramente la m\u00e1s importante en el resto del a\u00f1o sin importar lo que pase. No lo podemos creer. La banda estadounidense emo electro rock pop punk Panic! at the Disco cambia su nombre y ahora queda con el nombre de Panic [&hellip;]<\/p>\n","protected":false},"author":2,"featured_media":0,"comment_status":"closed","ping_status":"open","sticky":false,"template":"","format":"standard","meta":{"footnotes":""},"categories":[9,10,6],"tags":[],"class_list":["post-567","post","type-post","status-publish","format-standard","hentry","category-chanta","category-loco","category-musica"],"_links":{"self":[{"href":"http:\/\/www.sofoca.cl\/pebre\/wp-json\/wp\/v2\/posts\/567","targetHints":{"allow":["GET"]}}],"collection":[{"href":"http:\/\/www.sofoca.cl\/pebre\/wp-json\/wp\/v2\/posts"}],"about":[{"href":"http:\/\/www.sofoca.cl\/pebre\/wp-json\/wp\/v2\/types\/post"}],"author":[{"embeddable":true,"href":"http:\/\/www.sofoca.cl\/pebre\/wp-json\/wp\/v2\/users\/2"}],"replies":[{"embeddable":true,"href":"http:\/\/www.sofoca.cl\/pebre\/wp-json\/wp\/v2\/comments?post=567"}],"version-history":[{"count":0,"href":"http:\/\/www.sofoca.cl\/pebre\/wp-json\/wp\/v2\/posts\/567\/revisions"}],"wp:attachment":[{"href":"http:\/\/www.sofoca.cl\/pebre\/wp-json\/wp\/v2\/media?parent=567"}],"wp:term":[{"taxonomy":"category","embeddable":true,"href":"http:\/\/www.sofoca.cl\/pebre\/wp-json\/wp\/v2\/categories?post=567"},{"taxonomy":"post_tag","embeddable":true,"href":"http:\/\/www.sofoca.cl\/pebre\/wp-json\/wp\/v2\/tags?post=567"}],"curies":[{"name":"wp","href":"https:\/\/api.w.org\/{rel}","templated":true}]}}