{"id":57,"date":"2007-08-25T22:15:14","date_gmt":"2007-08-26T02:15:14","guid":{"rendered":"http:\/\/www.sofoca.cl\/pebre\/2007\/08\/25\/radios-chilenas-con-nombres-raros\/"},"modified":"2007-10-24T18:47:02","modified_gmt":"2007-10-24T22:47:02","slug":"radios-chilenas-con-nombres-raros","status":"publish","type":"post","link":"http:\/\/www.sofoca.cl\/pebre\/2007\/08\/25\/radios-chilenas-con-nombres-raros\/","title":{"rendered":"Radios chilenas con nombres raros"},"content":{"rendered":"<p><img decoding=\"async\" src=\"http:\/\/upload.wikimedia.org\/wikipedia\/en\/thumb\/0\/02\/NX1Z_Radio.jpg\/300px-NX1Z_Radio.jpg\" align=\"right\" alt=\"\" \/><\/p>\n<p>En <a href=\"http:\/\/www.fotech.cl\">Fotech<\/a>, el foro de televisi\u00f3n y teleseries chilenas,  hay una interesante conversaci\u00f3n que recopila nombres raros de radios chilenas, entre las que se cuentan:<\/p>\n<ul>\n<li>Radio Antares (102.7, Los Alamos)<\/li>\n<li>Radio Bonita<\/li>\n<li>Radio Cap\u00edssima (105.1, Arica)<\/li>\n<li>Radio Contagio (Coelemu)<\/li>\n<li>Radio Edelweiss (IX Regi\u00f3n)<\/li>\n<li>Radio Eduardo (Valpara\u00edso)<\/li>\n<li>Radio Embajadores (104.7, Temuco)<\/li>\n<li>Radio \u00c9xtasis (92.1, Temuco<\/li>\n<li>Radio Ins\u00f3lita (Iquique)<\/li>\n<li>Radio La Bruja(106.9, San Antonio)<\/li>\n<li>Radio M\u00e1s (Los Vilos)<\/li>\n<li>FM M\u00eda (89.3, Los \u00c1ngeles)<\/li>\n<li>Radio Principal (96.1, Los \u00c1ngeles)<\/li>\n<li>Radio Splendid<\/li>\n<li>Radio Topater<\/li>\n<li>Radio Vacaciones (El Quisco)<\/li>\n<li>Radio Viaducto (101.9, Collipulli)<\/li>\n<\/ul>\n<p><a href=\"http:\/\/foros.fotech.cl\/index.php?showtopic=82905\">Link<\/a> (requiere registro).<\/p>\n","protected":false},"excerpt":{"rendered":"<p>En Fotech, el foro de televisi\u00f3n y teleseries chilenas, hay una interesante conversaci\u00f3n que recopila nombres raros de radios chilenas, entre las que se cuentan: Radio Antares (102.7, Los Alamos) Radio Bonita Radio Cap\u00edssima (105.1, Arica) Radio Contagio (Coelemu) Radio Edelweiss (IX Regi\u00f3n) Radio Eduardo (Valpara\u00edso) Radio Embajadores (104.7, Temuco) Radio \u00c9xtasis (92.1, Temuco Radio [&hellip;]<\/p>\n","protected":false},"author":3,"featured_media":0,"comment_status":"open","ping_status":"open","sticky":false,"template":"","format":"standard","meta":{"footnotes":""},"categories":[12,19,10],"tags":[],"class_list":["post-57","post","type-post","status-publish","format-standard","hentry","category-chile","category-lenguaje","category-loco"],"_links":{"self":[{"href":"http:\/\/www.sofoca.cl\/pebre\/wp-json\/wp\/v2\/posts\/57","targetHints":{"allow":["GET"]}}],"collection":[{"href":"http:\/\/www.sofoca.cl\/pebre\/wp-json\/wp\/v2\/posts"}],"about":[{"href":"http:\/\/www.sofoca.cl\/pebre\/wp-json\/wp\/v2\/types\/post"}],"author":[{"embeddable":true,"href":"http:\/\/www.sofoca.cl\/pebre\/wp-json\/wp\/v2\/users\/3"}],"replies":[{"embeddable":true,"href":"http:\/\/www.sofoca.cl\/pebre\/wp-json\/wp\/v2\/comments?post=57"}],"version-history":[{"count":0,"href":"http:\/\/www.sofoca.cl\/pebre\/wp-json\/wp\/v2\/posts\/57\/revisions"}],"wp:attachment":[{"href":"http:\/\/www.sofoca.cl\/pebre\/wp-json\/wp\/v2\/media?parent=57"}],"wp:term":[{"taxonomy":"category","embeddable":true,"href":"http:\/\/www.sofoca.cl\/pebre\/wp-json\/wp\/v2\/categories?post=57"},{"taxonomy":"post_tag","embeddable":true,"href":"http:\/\/www.sofoca.cl\/pebre\/wp-json\/wp\/v2\/tags?post=57"}],"curies":[{"name":"wp","href":"https:\/\/api.w.org\/{rel}","templated":true}]}}