{"id":58,"date":"2007-08-26T18:01:02","date_gmt":"2007-08-26T22:01:02","guid":{"rendered":"http:\/\/www.sofoca.cl\/pebre\/2007\/08\/26\/los-nombres-mas-patriotas\/"},"modified":"2007-10-24T18:44:51","modified_gmt":"2007-10-24T22:44:51","slug":"los-nombres-mas-patriotas","status":"publish","type":"post","link":"http:\/\/www.sofoca.cl\/pebre\/2007\/08\/26\/los-nombres-mas-patriotas\/","title":{"rendered":"Los nombres m\u00e1s patriotas"},"content":{"rendered":"<p style=\"text-align: center\"><img decoding=\"async\" src=\"http:\/\/www.sofoca.cl\/pebre\/wp-content\/uploads\/2007\/08\/patriotas.jpg\" alt=\"Patriotas by El Llanquihue\" \/><\/p>\n<p>El diario puertomontino <a href=\"http:\/\/www.ellanquihue.cl\">El Llanquihue<\/a> publica en su edici\u00f3n de hoy tres reportajes relacionados con los nombres; poniendo especial \u00e9nfasis en aquellos nombres que resultan altamente &#8216;patriotas&#8217;.<\/p>\n<p>En el primer reportaje (\u00ab<em>Cuando la Patria<\/em> se lleva en el nombre\u00bb) se cuenta el notable caso de la familia Fuentes-Villegas, que decidieron ponerle a sus hijos los nombres de Am\u00e9rica de las Mercedes, Patria de las Violetas, Esmeralda del Carmen, Flor Chilena y Chile Paulino. <a href=\"http:\/\/ellanquihue.cl\/diario_flash_PM\/contenidoPagina.html?fecha=20070826&amp;urlImagen=\/diario_flash_PM\/imagenes\/1260\/2007\/08\/26\/PMONTT260807A24.jpg&amp;inumpag=24&amp;ultimapag=36\">Link<\/a> 1, <a href=\"http:\/\/ellanquihue.cl\/diario_flash_PM\/contenidoPagina.html?fecha=20070826&amp;urlImagen=\/diario_flash_PM\/imagenes\/1260\/2007\/08\/26\/PMONTT260807A25.jpg&amp;inumpag=25&amp;ultimapag=36\">Link<\/a> 2.<\/p>\n<p>En el segundo (\u00ab<em>Con carn\u00e9<\/em> de patriota\u00bb) se ven casos de alcance de nombre con h\u00e9roes y personajes de la patria, como el caso de Manuel Rodr\u00edguez Bast\u00edas, Diego Portales G\u00f3mez y O&#8217;Higgins B\u00f3rquez. <a href=\"http:\/\/ellanquihue.cl\/diario_flash_PM\/contenidoPagina.html?fecha=20070826&amp;urlImagen=\/diario_flash_PM\/imagenes\/1260\/2007\/08\/26\/PMONTT260807A26.jpg&amp;inumpag=26&amp;ultimapag=36\">Link<\/a>.<\/p>\n<p>En el tercero se analizan los casos de nombres raros e inusuales en general, y se ven los casos de gente que se llama Crist\u00f3bal Col\u00f3n, Roby Williams, Guirnalda o Telesforo. <a href=\"http:\/\/ellanquihue.cl\/diario_flash_PM\/contenidoPagina.html?fecha=20070826&amp;urlImagen=\/diario_flash_PM\/imagenes\/1260\/2007\/08\/26\/PMONTT260807A27.jpg&amp;inumpag=27&amp;ultimapag=36\">Link<\/a>.<\/p>\n","protected":false},"excerpt":{"rendered":"<p>El diario puertomontino El Llanquihue publica en su edici\u00f3n de hoy tres reportajes relacionados con los nombres; poniendo especial \u00e9nfasis en aquellos nombres que resultan altamente &#8216;patriotas&#8217;. En el primer reportaje (\u00abCuando la Patria se lleva en el nombre\u00bb) se cuenta el notable caso de la familia Fuentes-Villegas, que decidieron ponerle a sus hijos los [&hellip;]<\/p>\n","protected":false},"author":2,"featured_media":0,"comment_status":"open","ping_status":"open","sticky":false,"template":"","format":"standard","meta":{"footnotes":""},"categories":[12,19,10],"tags":[],"class_list":["post-58","post","type-post","status-publish","format-standard","hentry","category-chile","category-lenguaje","category-loco"],"_links":{"self":[{"href":"http:\/\/www.sofoca.cl\/pebre\/wp-json\/wp\/v2\/posts\/58","targetHints":{"allow":["GET"]}}],"collection":[{"href":"http:\/\/www.sofoca.cl\/pebre\/wp-json\/wp\/v2\/posts"}],"about":[{"href":"http:\/\/www.sofoca.cl\/pebre\/wp-json\/wp\/v2\/types\/post"}],"author":[{"embeddable":true,"href":"http:\/\/www.sofoca.cl\/pebre\/wp-json\/wp\/v2\/users\/2"}],"replies":[{"embeddable":true,"href":"http:\/\/www.sofoca.cl\/pebre\/wp-json\/wp\/v2\/comments?post=58"}],"version-history":[{"count":0,"href":"http:\/\/www.sofoca.cl\/pebre\/wp-json\/wp\/v2\/posts\/58\/revisions"}],"wp:attachment":[{"href":"http:\/\/www.sofoca.cl\/pebre\/wp-json\/wp\/v2\/media?parent=58"}],"wp:term":[{"taxonomy":"category","embeddable":true,"href":"http:\/\/www.sofoca.cl\/pebre\/wp-json\/wp\/v2\/categories?post=58"},{"taxonomy":"post_tag","embeddable":true,"href":"http:\/\/www.sofoca.cl\/pebre\/wp-json\/wp\/v2\/tags?post=58"}],"curies":[{"name":"wp","href":"https:\/\/api.w.org\/{rel}","templated":true}]}}