{"id":589,"date":"2008-01-15T21:51:56","date_gmt":"2008-01-16T00:51:56","guid":{"rendered":"http:\/\/www.sofoca.cl\/pebre\/2008\/01\/15\/se-nacesita-camarrera\/"},"modified":"2008-01-15T21:54:03","modified_gmt":"2008-01-16T00:54:03","slug":"se-nacesita-camarrera","status":"publish","type":"post","link":"http:\/\/www.sofoca.cl\/pebre\/2008\/01\/15\/se-nacesita-camarrera\/","title":{"rendered":"Se nacesita camarrera"},"content":{"rendered":"<p style=\"text-align: center\"><img decoding=\"async\" src=\"http:\/\/www.sofoca.cl\/pebre\/wp-content\/uploads\/2008\/01\/2192776909_c140c9e3bb.jpg\" alt=\"camarrera\" \/><\/p>\n<p>Parece que <em>el antigo<\/em> tambi\u00e9n <em>nacesita<\/em> unas <strong><a href=\"http:\/\/www.flickr.com\/photos\/wendigo\/2192776909\/\">buenas clases de ortograf\u00eda<\/a><\/strong>. <em>(V\u00eda <a href=\"http:\/\/septi.tumblr.com\/post\/23816618\">Septi<\/a>)<\/em><\/p>\n","protected":false},"excerpt":{"rendered":"<p>Parece que el antigo tambi\u00e9n nacesita unas buenas clases de ortograf\u00eda. (V\u00eda Septi)<\/p>\n","protected":false},"author":2,"featured_media":0,"comment_status":"open","ping_status":"open","sticky":false,"template":"","format":"standard","meta":{"footnotes":""},"categories":[9,13,19],"tags":[],"class_list":["post-589","post","type-post","status-publish","format-standard","hentry","category-chanta","category-fotos","category-lenguaje"],"_links":{"self":[{"href":"http:\/\/www.sofoca.cl\/pebre\/wp-json\/wp\/v2\/posts\/589","targetHints":{"allow":["GET"]}}],"collection":[{"href":"http:\/\/www.sofoca.cl\/pebre\/wp-json\/wp\/v2\/posts"}],"about":[{"href":"http:\/\/www.sofoca.cl\/pebre\/wp-json\/wp\/v2\/types\/post"}],"author":[{"embeddable":true,"href":"http:\/\/www.sofoca.cl\/pebre\/wp-json\/wp\/v2\/users\/2"}],"replies":[{"embeddable":true,"href":"http:\/\/www.sofoca.cl\/pebre\/wp-json\/wp\/v2\/comments?post=589"}],"version-history":[{"count":0,"href":"http:\/\/www.sofoca.cl\/pebre\/wp-json\/wp\/v2\/posts\/589\/revisions"}],"wp:attachment":[{"href":"http:\/\/www.sofoca.cl\/pebre\/wp-json\/wp\/v2\/media?parent=589"}],"wp:term":[{"taxonomy":"category","embeddable":true,"href":"http:\/\/www.sofoca.cl\/pebre\/wp-json\/wp\/v2\/categories?post=589"},{"taxonomy":"post_tag","embeddable":true,"href":"http:\/\/www.sofoca.cl\/pebre\/wp-json\/wp\/v2\/tags?post=589"}],"curies":[{"name":"wp","href":"https:\/\/api.w.org\/{rel}","templated":true}]}}