{"id":60,"date":"2007-08-26T18:18:34","date_gmt":"2007-08-26T22:18:34","guid":{"rendered":"http:\/\/www.sofoca.cl\/pebre\/2007\/08\/26\/polemica-en-afganistan-por-pelotas-con-el-nombre-de-ala\/"},"modified":"2007-08-26T18:18:34","modified_gmt":"2007-08-26T22:18:34","slug":"polemica-en-afganistan-por-pelotas-con-el-nombre-de-ala","status":"publish","type":"post","link":"http:\/\/www.sofoca.cl\/pebre\/2007\/08\/26\/polemica-en-afganistan-por-pelotas-con-el-nombre-de-ala\/","title":{"rendered":"Pol\u00e9mica en Afganist\u00e1n por pelotas con el nombre de Al\u00e1"},"content":{"rendered":"<p>Surgi\u00f3 una pol\u00e9mica en zonas afganas por la creencia de que todo fue un plan de Estados Unidos para \u00abpatear\u00bb a Al\u00e1. Seg\u00fan la noticia de la BBC:<\/p>\n<blockquote><p>Manifestantes afganos acusaron a las tropas estadounidenses de faltar al respeto al Islam tras la distribuci\u00f3n de balones de f\u00fatbol que ten\u00edan una inscripci\u00f3n con el nombre de Al\u00e1.<\/p>\n<p>Pero una portavoz de las fuerzas militares de Estados Unidos en el pa\u00eds asegur\u00f3 que la idea fue darle a los ni\u00f1os algo que pudieran disfrutar y que no se dieron cuenta de que lo escrito en las pelotas pod\u00eda resultar ofensivo.<\/p><\/blockquote>\n<p><a href=\"http:\/\/news.bbc.co.uk\/hi\/spanish\/international\/newsid_6964000\/6964579.stm\">Link<\/a>.<\/p>\n","protected":false},"excerpt":{"rendered":"<p>Surgi\u00f3 una pol\u00e9mica en zonas afganas por la creencia de que todo fue un plan de Estados Unidos para \u00abpatear\u00bb a Al\u00e1. Seg\u00fan la noticia de la BBC: Manifestantes afganos acusaron a las tropas estadounidenses de faltar al respeto al Islam tras la distribuci\u00f3n de balones de f\u00fatbol que ten\u00edan una inscripci\u00f3n con el nombre [&hellip;]<\/p>\n","protected":false},"author":2,"featured_media":0,"comment_status":"open","ping_status":"open","sticky":false,"template":"","format":"standard","meta":{"footnotes":""},"categories":[9,7],"tags":[],"class_list":["post-60","post","type-post","status-publish","format-standard","hentry","category-chanta","category-internacional"],"_links":{"self":[{"href":"http:\/\/www.sofoca.cl\/pebre\/wp-json\/wp\/v2\/posts\/60","targetHints":{"allow":["GET"]}}],"collection":[{"href":"http:\/\/www.sofoca.cl\/pebre\/wp-json\/wp\/v2\/posts"}],"about":[{"href":"http:\/\/www.sofoca.cl\/pebre\/wp-json\/wp\/v2\/types\/post"}],"author":[{"embeddable":true,"href":"http:\/\/www.sofoca.cl\/pebre\/wp-json\/wp\/v2\/users\/2"}],"replies":[{"embeddable":true,"href":"http:\/\/www.sofoca.cl\/pebre\/wp-json\/wp\/v2\/comments?post=60"}],"version-history":[{"count":0,"href":"http:\/\/www.sofoca.cl\/pebre\/wp-json\/wp\/v2\/posts\/60\/revisions"}],"wp:attachment":[{"href":"http:\/\/www.sofoca.cl\/pebre\/wp-json\/wp\/v2\/media?parent=60"}],"wp:term":[{"taxonomy":"category","embeddable":true,"href":"http:\/\/www.sofoca.cl\/pebre\/wp-json\/wp\/v2\/categories?post=60"},{"taxonomy":"post_tag","embeddable":true,"href":"http:\/\/www.sofoca.cl\/pebre\/wp-json\/wp\/v2\/tags?post=60"}],"curies":[{"name":"wp","href":"https:\/\/api.w.org\/{rel}","templated":true}]}}