{"id":600,"date":"2008-01-18T14:02:25","date_gmt":"2008-01-18T17:02:25","guid":{"rendered":"http:\/\/www.sofoca.cl\/pebre\/2008\/01\/18\/se-murio-bobby-fischer\/"},"modified":"2008-01-26T22:50:27","modified_gmt":"2008-01-27T01:50:27","slug":"se-murio-bobby-fischer","status":"publish","type":"post","link":"http:\/\/www.sofoca.cl\/pebre\/2008\/01\/18\/se-murio-bobby-fischer\/","title":{"rendered":"Se muri\u00f3 Bobby Fischer"},"content":{"rendered":"<p style=\"text-align: center\"><img src='http:\/\/www.sofoca.cl\/pebre\/wp-content\/uploads\/2008\/01\/bobbyfischer.jpg' alt='' \/><\/p>\n<p>El ajedrecista estadounidense despu\u00e9s nacionalizado island\u00e9s muri\u00f3 ayer. A pesar de que por momentos se puso <a href=\"http:\/\/es.wikipedia.org\/wiki\/Robert_James_Fischer#.C3.9Altimos_d.C3.ADas\">medio loco<\/a>, era seco para el ajedrez y un genio, y por eso lo recordamos. <em>(V\u00eda hartos lados)<\/em><\/p>\n","protected":false},"excerpt":{"rendered":"<p>El ajedrecista estadounidense despu\u00e9s nacionalizado island\u00e9s muri\u00f3 ayer. A pesar de que por momentos se puso medio loco, era seco para el ajedrez y un genio, y por eso lo recordamos. (V\u00eda hartos lados)<\/p>\n","protected":false},"author":2,"featured_media":0,"comment_status":"open","ping_status":"open","sticky":false,"template":"","format":"standard","meta":{"footnotes":""},"categories":[17],"tags":[],"class_list":["post-600","post","type-post","status-publish","format-standard","hentry","category-caput"],"_links":{"self":[{"href":"http:\/\/www.sofoca.cl\/pebre\/wp-json\/wp\/v2\/posts\/600","targetHints":{"allow":["GET"]}}],"collection":[{"href":"http:\/\/www.sofoca.cl\/pebre\/wp-json\/wp\/v2\/posts"}],"about":[{"href":"http:\/\/www.sofoca.cl\/pebre\/wp-json\/wp\/v2\/types\/post"}],"author":[{"embeddable":true,"href":"http:\/\/www.sofoca.cl\/pebre\/wp-json\/wp\/v2\/users\/2"}],"replies":[{"embeddable":true,"href":"http:\/\/www.sofoca.cl\/pebre\/wp-json\/wp\/v2\/comments?post=600"}],"version-history":[{"count":0,"href":"http:\/\/www.sofoca.cl\/pebre\/wp-json\/wp\/v2\/posts\/600\/revisions"}],"wp:attachment":[{"href":"http:\/\/www.sofoca.cl\/pebre\/wp-json\/wp\/v2\/media?parent=600"}],"wp:term":[{"taxonomy":"category","embeddable":true,"href":"http:\/\/www.sofoca.cl\/pebre\/wp-json\/wp\/v2\/categories?post=600"},{"taxonomy":"post_tag","embeddable":true,"href":"http:\/\/www.sofoca.cl\/pebre\/wp-json\/wp\/v2\/tags?post=600"}],"curies":[{"name":"wp","href":"https:\/\/api.w.org\/{rel}","templated":true}]}}