{"id":61,"date":"2007-08-26T19:32:24","date_gmt":"2007-08-26T23:32:24","guid":{"rendered":"http:\/\/www.sofoca.cl\/pebre\/2007\/08\/26\/eclipse-lunar-total-visible-en-chile-la-madrugada-del-martes\/"},"modified":"2007-08-26T19:32:24","modified_gmt":"2007-08-26T23:32:24","slug":"eclipse-lunar-total-visible-en-chile-la-madrugada-del-martes","status":"publish","type":"post","link":"http:\/\/www.sofoca.cl\/pebre\/2007\/08\/26\/eclipse-lunar-total-visible-en-chile-la-madrugada-del-martes\/","title":{"rendered":"Eclipse lunar total visible en Chile la madrugada del martes"},"content":{"rendered":"<p><img loading=\"lazy\" decoding=\"async\" src=\"http:\/\/upload.wikimedia.org\/wikipedia\/en\/thumb\/b\/bb\/Dsotm.jpg\/200px-Dsotm.jpg\" title=\"Eclipse de luna\" alt=\"Eclipse de luna\" align=\"right\" height=\"200\" width=\"200\" \/>El martes 28 de agosto a las 4:51 AM (hora de Chile) empezar\u00e1 un eclipse lunar total que ser\u00e1 visible en Am\u00e9rica del Norte y del Sur. La NASA dice que ser\u00e1 un eclipse \u00abcolorido\u00bb.<\/p>\n<blockquote><p>Est\u00e1 previsto que el eclipse (&#8230;) empiece a las 4:51 (hora de Chile). Ser\u00e1 necesaria una hora para alcanzar el eclipse total.<\/p>\n<p>\u00abAl principio el cambio no ser\u00e1 grande\u00bb, dijo la Nasa en su p\u00e1gina web. Pero \u00aba medida que la Luna se adentre m\u00e1s en la espesura de la sombra (terrestre), tendr\u00e1 lugar una sorprendente metamorfosis\u00bb.<\/p>\n<p>\u00abLa Luna transformar\u00e1 su gris\u00e1ceo color de polvo lunar en un intenso color rojo como el del atardecer. Este ser\u00e1 el momento del eclipse total y durar\u00e1 alrededor de 90 minutos\u00bb, a\u00f1adi\u00f3 la Nasa.<\/p><\/blockquote>\n<p>El pr\u00f3ximo eclipse lunar est\u00e1 previsto para el 21 de febrero de 2008. <a href=\"http:\/\/www.latercera.cl\/medio\/articulo\/0,0,3255_5726_292694377,00.html\">Link<\/a>.<\/p>\n","protected":false},"excerpt":{"rendered":"<p>El martes 28 de agosto a las 4:51 AM (hora de Chile) empezar\u00e1 un eclipse lunar total que ser\u00e1 visible en Am\u00e9rica del Norte y del Sur. La NASA dice que ser\u00e1 un eclipse \u00abcolorido\u00bb. Est\u00e1 previsto que el eclipse (&#8230;) empiece a las 4:51 (hora de Chile). Ser\u00e1 necesaria una hora para alcanzar el [&hellip;]<\/p>\n","protected":false},"author":2,"featured_media":0,"comment_status":"open","ping_status":"open","sticky":false,"template":"","format":"standard","meta":{"footnotes":""},"categories":[12,11],"tags":[],"class_list":["post-61","post","type-post","status-publish","format-standard","hentry","category-chile","category-ciencia"],"_links":{"self":[{"href":"http:\/\/www.sofoca.cl\/pebre\/wp-json\/wp\/v2\/posts\/61","targetHints":{"allow":["GET"]}}],"collection":[{"href":"http:\/\/www.sofoca.cl\/pebre\/wp-json\/wp\/v2\/posts"}],"about":[{"href":"http:\/\/www.sofoca.cl\/pebre\/wp-json\/wp\/v2\/types\/post"}],"author":[{"embeddable":true,"href":"http:\/\/www.sofoca.cl\/pebre\/wp-json\/wp\/v2\/users\/2"}],"replies":[{"embeddable":true,"href":"http:\/\/www.sofoca.cl\/pebre\/wp-json\/wp\/v2\/comments?post=61"}],"version-history":[{"count":0,"href":"http:\/\/www.sofoca.cl\/pebre\/wp-json\/wp\/v2\/posts\/61\/revisions"}],"wp:attachment":[{"href":"http:\/\/www.sofoca.cl\/pebre\/wp-json\/wp\/v2\/media?parent=61"}],"wp:term":[{"taxonomy":"category","embeddable":true,"href":"http:\/\/www.sofoca.cl\/pebre\/wp-json\/wp\/v2\/categories?post=61"},{"taxonomy":"post_tag","embeddable":true,"href":"http:\/\/www.sofoca.cl\/pebre\/wp-json\/wp\/v2\/tags?post=61"}],"curies":[{"name":"wp","href":"https:\/\/api.w.org\/{rel}","templated":true}]}}