{"id":617,"date":"2008-01-25T10:31:00","date_gmt":"2008-01-25T13:31:00","guid":{"rendered":"http:\/\/www.sofoca.cl\/pebre\/2008\/01\/25\/el-dia-de-cerrar-tu-myspace\/"},"modified":"2008-01-25T10:31:00","modified_gmt":"2008-01-25T13:31:00","slug":"el-dia-de-cerrar-tu-myspace","status":"publish","type":"post","link":"http:\/\/www.sofoca.cl\/pebre\/2008\/01\/25\/el-dia-de-cerrar-tu-myspace\/","title":{"rendered":"El d\u00eda de cerrar tu MySpace"},"content":{"rendered":"<p><img decoding=\"async\" src=\"http:\/\/www.sofoca.cl\/pebre\/wp-content\/uploads\/2008\/01\/myspacesucks.jpg\" alt=\"A place for freinds.\" align=\"right\" \/><strong>Nunca he tenido MySpace<\/strong>. No le veo ninguna gracia: funciona mal, se cae y est\u00e1 lleno de <em>spam<\/em>. Por si fuera poco, el dise\u00f1o de las p\u00e1ginas es horrible y pareciera que es imposible de mejorar (nunca he visto alg\u00fan MySpace decente, por lo menos). \u00bfPor qu\u00e9 tan malo? La mayor\u00eda de los usuarios se las arregla para que su MySpace sea muy <a href=\"http:\/\/www.myspace.com\/soybuddha\">enredado y dif\u00edcil de navegar, con p\u00e1ginas muy largas, fondos de alg\u00fan <em>gif<\/em> animado y una letra gigante de color chill\u00f3n, m\u00fasica que se toca autom\u00e1ticamente al abrir la p\u00e1gina<\/a>&#8230; \u00bfqui\u00e9n puede soportar eso<a href=\"http:\/\/www.myspace.com\/tom\"><\/a>? Los <a href=\"http:\/\/www.myspace.com\/tom\">usuarios de MySpace<\/a>, obviamente.<\/p>\n<p>\u00bfPor qu\u00e9 las redes sociales m\u00e1s populares son siempre la m\u00e1s feas? El MySpace en Estados Unidos viene a ser lo que es el Fotolog en Chile, en cuanto a popularidad&#8230; Pero por lo menos all\u00e1 se dan cuenta y alguien hace <strong>algo<\/strong>.<\/p>\n<p>Simon Owens estaba <a href=\"http:\/\/bloggasm.com\/january-30th-is-international-delete-your-myspace-account-day\">chato de su MySpace<\/a>. Por eso decidi\u00f3 cerrar su cuenta, no sin antes declararle la guerra al sitio; pues inaugur\u00f3 el 30 de enero como fecha para celebrar el <a href=\"http:\/\/mashable.com\/2008\/01\/21\/delete-your-myspace-account-day\/\"><strong>d\u00eda internacional de cerrar tu cuenta de MySpace<\/strong><\/a>. La propuesta ya dio la vuelta a la blog\u00f3sfera internacional y tiene miles de seguidores. <a href=\"http:\/\/bloggasm.com\/myspace-spokeswoman-issues-statement-about-international-delete-your-myspace-account-day\">En MySpace no se preocupan<\/a> pues dicen que \u00abtodav\u00eda son la red social m\u00e1s grande del mundo\u00bb. Obviamente la cantidad de gente que se vaya ahora no ser\u00e1 la gran mayor\u00eda, pero creo que s\u00ed ser\u00e1 una cantidad importante de gente y que al final, todo caer\u00e1 por su propio peso. \u00bfSuceder\u00e1 algo as\u00ed con el Fotolog, alg\u00fan d\u00eda? <em>(V\u00eda <a href=\"http:\/\/jakebang.wordpress.com\/2008\/01\/24\/borra-tu-cuenta-myspace-este-30-de-enero\/\">Jake Bangalter<\/a>)<\/em><\/p>\n","protected":false},"excerpt":{"rendered":"<p>Nunca he tenido MySpace. No le veo ninguna gracia: funciona mal, se cae y est\u00e1 lleno de spam. Por si fuera poco, el dise\u00f1o de las p\u00e1ginas es horrible y pareciera que es imposible de mejorar (nunca he visto alg\u00fan MySpace decente, por lo menos). \u00bfPor qu\u00e9 tan malo? La mayor\u00eda de los usuarios se [&hellip;]<\/p>\n","protected":false},"author":2,"featured_media":0,"comment_status":"open","ping_status":"open","sticky":false,"template":"","format":"standard","meta":{"footnotes":""},"categories":[16,5],"tags":[],"class_list":["post-617","post","type-post","status-publish","format-standard","hentry","category-bakan","category-internet"],"_links":{"self":[{"href":"http:\/\/www.sofoca.cl\/pebre\/wp-json\/wp\/v2\/posts\/617","targetHints":{"allow":["GET"]}}],"collection":[{"href":"http:\/\/www.sofoca.cl\/pebre\/wp-json\/wp\/v2\/posts"}],"about":[{"href":"http:\/\/www.sofoca.cl\/pebre\/wp-json\/wp\/v2\/types\/post"}],"author":[{"embeddable":true,"href":"http:\/\/www.sofoca.cl\/pebre\/wp-json\/wp\/v2\/users\/2"}],"replies":[{"embeddable":true,"href":"http:\/\/www.sofoca.cl\/pebre\/wp-json\/wp\/v2\/comments?post=617"}],"version-history":[{"count":0,"href":"http:\/\/www.sofoca.cl\/pebre\/wp-json\/wp\/v2\/posts\/617\/revisions"}],"wp:attachment":[{"href":"http:\/\/www.sofoca.cl\/pebre\/wp-json\/wp\/v2\/media?parent=617"}],"wp:term":[{"taxonomy":"category","embeddable":true,"href":"http:\/\/www.sofoca.cl\/pebre\/wp-json\/wp\/v2\/categories?post=617"},{"taxonomy":"post_tag","embeddable":true,"href":"http:\/\/www.sofoca.cl\/pebre\/wp-json\/wp\/v2\/tags?post=617"}],"curies":[{"name":"wp","href":"https:\/\/api.w.org\/{rel}","templated":true}]}}