{"id":63,"date":"2007-08-27T14:36:56","date_gmt":"2007-08-27T18:36:56","guid":{"rendered":"http:\/\/www.sofoca.cl\/pebre\/2007\/08\/27\/sujeto-va-a-robar-y-olvida-su-billetera\/"},"modified":"2007-08-27T14:53:59","modified_gmt":"2007-08-27T18:53:59","slug":"sujeto-va-a-robar-y-olvida-su-billetera","status":"publish","type":"post","link":"http:\/\/www.sofoca.cl\/pebre\/2007\/08\/27\/sujeto-va-a-robar-y-olvida-su-billetera\/","title":{"rendered":"Sujeto va a robar y olvida su billetera"},"content":{"rendered":"<p>Carabineros detuvo a Jorge L\u00f3pez, acusado de robo frustrado a una sucursal del BancoEstado de \u00d1u\u00f1oa. El robo ocurri\u00f3 a las 00:18 y el sujeto fue detenido a las 1:00.<\/p>\n<p>No s\u00f3lo fue captado por las c\u00e1maras de seguridad, sino que olvid\u00f3 su billetera con todos sus documentos y m\u00e1s encima fue a buscarla cuando ya se encontraban los polic\u00edas en el lugar. <a href=\"http:\/\/www.24horas.cl\/detalle.aspx?IdC=232123&#038;IdS=1\">Link<\/a>.<\/p>\n","protected":false},"excerpt":{"rendered":"<p>Carabineros detuvo a Jorge L\u00f3pez, acusado de robo frustrado a una sucursal del BancoEstado de \u00d1u\u00f1oa. El robo ocurri\u00f3 a las 00:18 y el sujeto fue detenido a las 1:00. No s\u00f3lo fue captado por las c\u00e1maras de seguridad, sino que olvid\u00f3 su billetera con todos sus documentos y m\u00e1s encima fue a buscarla cuando [&hellip;]<\/p>\n","protected":false},"author":2,"featured_media":0,"comment_status":"open","ping_status":"open","sticky":false,"template":"","format":"standard","meta":{"footnotes":""},"categories":[9,12],"tags":[],"class_list":["post-63","post","type-post","status-publish","format-standard","hentry","category-chanta","category-chile"],"_links":{"self":[{"href":"http:\/\/www.sofoca.cl\/pebre\/wp-json\/wp\/v2\/posts\/63","targetHints":{"allow":["GET"]}}],"collection":[{"href":"http:\/\/www.sofoca.cl\/pebre\/wp-json\/wp\/v2\/posts"}],"about":[{"href":"http:\/\/www.sofoca.cl\/pebre\/wp-json\/wp\/v2\/types\/post"}],"author":[{"embeddable":true,"href":"http:\/\/www.sofoca.cl\/pebre\/wp-json\/wp\/v2\/users\/2"}],"replies":[{"embeddable":true,"href":"http:\/\/www.sofoca.cl\/pebre\/wp-json\/wp\/v2\/comments?post=63"}],"version-history":[{"count":0,"href":"http:\/\/www.sofoca.cl\/pebre\/wp-json\/wp\/v2\/posts\/63\/revisions"}],"wp:attachment":[{"href":"http:\/\/www.sofoca.cl\/pebre\/wp-json\/wp\/v2\/media?parent=63"}],"wp:term":[{"taxonomy":"category","embeddable":true,"href":"http:\/\/www.sofoca.cl\/pebre\/wp-json\/wp\/v2\/categories?post=63"},{"taxonomy":"post_tag","embeddable":true,"href":"http:\/\/www.sofoca.cl\/pebre\/wp-json\/wp\/v2\/tags?post=63"}],"curies":[{"name":"wp","href":"https:\/\/api.w.org\/{rel}","templated":true}]}}