{"id":669,"date":"2008-02-01T17:28:19","date_gmt":"2008-02-01T20:28:19","guid":{"rendered":"http:\/\/www.sofoca.cl\/pebre\/2008\/02\/01\/el-carnaval-de-rio-y-el-holocausto\/"},"modified":"2008-02-01T17:41:55","modified_gmt":"2008-02-01T20:41:55","slug":"el-carnaval-de-rio-y-el-holocausto","status":"publish","type":"post","link":"http:\/\/www.sofoca.cl\/pebre\/2008\/02\/01\/el-carnaval-de-rio-y-el-holocausto\/","title":{"rendered":"El Carnaval de R\u00edo y el Holocausto"},"content":{"rendered":"<p><img decoding=\"async\" src=\"http:\/\/upload.wikimedia.org\/wikipedia\/commons\/9\/96\/Mangueira-1998.jpg\" align=\"right\"  alt=\"\" \/>\u00a1El mundo entero celebra carnaval! Uno de los eventos m\u00e1s esperados del Carnaval de Brasil es la competencia de las escuelas de\u00a0<span class=\"Apple-style-span\" style=\"font-style: italic\">samba<\/span> de Rio de Janeiro, que se preparan todo el a\u00f1o armando carros aleg\u00f3ricos tem\u00e1ticos, armando un <span class=\"Apple-style-span\" style=\"font-style: italic\">show<\/span> multitudinario. La competencia de las escuelas de <span class=\"Apple-style-span\" style=\"font-style: italic\">samba<\/span> se parece bastante a la del f\u00fatbol: tienen divisiones (primera, segunda&#8230;), todos los a\u00f1os hay un ganador y, claro, est\u00e1 el mismo nivel de fanatismo.<\/p>\n<p>Ya, \u00bfy qu\u00e9 tienen que ver el Carnaval de Brasil y el Holocausto? El\u00a0<a href=\"http:\/\/es.wikipedia.org\/wiki\/Carnaval_de_Brasil\">Carnaval<\/a>\u00a0es una fiesta multitudinaria donde se celebran cuatro d\u00eda seguidos con <span class=\"Apple-style-span\" style=\"font-style: italic\">samba<\/span> y alegr\u00eda; y en el\u00a0<a href=\"http:\/\/es.wikipedia.org\/wiki\/Holocausto\">Holocausto<\/a>\u00a0de la Segunda Guerra Mundial murieron casi seis millones de personas por culpa de Adolf Hitler. No, pareciera que no tienen nada que ver. Pero este a\u00f1o, la\u00a0<a href=\"http:\/\/pt.wikipedia.org\/wiki\/GRES_Unidos_do_Viradouro\">escuela de <span style=\"font-style: italic\" class=\"Apple-style-span\">samba<\/span> de Viradouro<\/a>\u00a0intent\u00f3 unir ambos sucesos de una manera muy peculiar: \u00a1<a href=\"http:\/\/www.abc.net.au\/news\/stories\/2008\/01\/30\/2149858.htm?section=justin\"><span class=\"Apple-style-span\" style=\"font-weight: bold\">carros aleg\u00f3ricos dedicados al Holocausto<\/span><\/a>! WTF?<\/p>\n<p>Uno de sus carros aleg\u00f3ricos representaba el Holocausto, con cad\u00e1veres apilados como los de los jud\u00edos en los campos de concentraci\u00f3n, y como guinda de la torta una persona disfrazada de Adolf Hitler. Bailando <span class=\"Apple-style-span\" style=\"font-style: italic\">samba<\/span>, supongo. Creo que est\u00e1 casi de m\u00e1s decir que todos reclamaron y al final terminaron\u00a0<a href=\"http:\/\/news.bbc.co.uk\/2\/hi\/americas\/7220436.stm\">prohibiendo que el pastelito participara del Carnaval<\/a>. Era horrible, pero hasta me da risa como se intenta meter <span class=\"Apple-style-span\" style=\"font-weight: bold\">eso<\/span> dentro de una fiesta que no tiene nada que ver. Jues\u00fa. <span class=\"Apple-style-span\" style=\"font-style: italic\">(V\u00eda\u00a0<a href=\"http:\/\/www.metafilter.com\/68679\/Uh-whos-idea-was-this\">Metafilter<\/a>)<\/span><\/p>\n","protected":false},"excerpt":{"rendered":"<p>\u00a1El mundo entero celebra carnaval! Uno de los eventos m\u00e1s esperados del Carnaval de Brasil es la competencia de las escuelas de\u00a0samba de Rio de Janeiro, que se preparan todo el a\u00f1o armando carros aleg\u00f3ricos tem\u00e1ticos, armando un show multitudinario. La competencia de las escuelas de samba se parece bastante a la del f\u00fatbol: tienen [&hellip;]<\/p>\n","protected":false},"author":2,"featured_media":0,"comment_status":"open","ping_status":"open","sticky":false,"template":"","format":"standard","meta":{"footnotes":""},"categories":[9,7],"tags":[],"class_list":["post-669","post","type-post","status-publish","format-standard","hentry","category-chanta","category-internacional"],"_links":{"self":[{"href":"http:\/\/www.sofoca.cl\/pebre\/wp-json\/wp\/v2\/posts\/669","targetHints":{"allow":["GET"]}}],"collection":[{"href":"http:\/\/www.sofoca.cl\/pebre\/wp-json\/wp\/v2\/posts"}],"about":[{"href":"http:\/\/www.sofoca.cl\/pebre\/wp-json\/wp\/v2\/types\/post"}],"author":[{"embeddable":true,"href":"http:\/\/www.sofoca.cl\/pebre\/wp-json\/wp\/v2\/users\/2"}],"replies":[{"embeddable":true,"href":"http:\/\/www.sofoca.cl\/pebre\/wp-json\/wp\/v2\/comments?post=669"}],"version-history":[{"count":0,"href":"http:\/\/www.sofoca.cl\/pebre\/wp-json\/wp\/v2\/posts\/669\/revisions"}],"wp:attachment":[{"href":"http:\/\/www.sofoca.cl\/pebre\/wp-json\/wp\/v2\/media?parent=669"}],"wp:term":[{"taxonomy":"category","embeddable":true,"href":"http:\/\/www.sofoca.cl\/pebre\/wp-json\/wp\/v2\/categories?post=669"},{"taxonomy":"post_tag","embeddable":true,"href":"http:\/\/www.sofoca.cl\/pebre\/wp-json\/wp\/v2\/tags?post=669"}],"curies":[{"name":"wp","href":"https:\/\/api.w.org\/{rel}","templated":true}]}}