{"id":67,"date":"2007-08-28T21:29:11","date_gmt":"2007-08-29T01:29:11","guid":{"rendered":"http:\/\/www.sofoca.cl\/pebre\/2007\/08\/28\/hasbun-reclama-contra-documental-emitido-por-tvn\/"},"modified":"2007-08-28T21:29:11","modified_gmt":"2007-08-29T01:29:11","slug":"hasbun-reclama-contra-documental-emitido-por-tvn","status":"publish","type":"post","link":"http:\/\/www.sofoca.cl\/pebre\/2007\/08\/28\/hasbun-reclama-contra-documental-emitido-por-tvn\/","title":{"rendered":"Hasb\u00fan reclama contra documental emitido por TVN"},"content":{"rendered":"<p>Se repite la historia: el cura Hasb\u00fan cree que tiene los derechos de decidir lo que los chilenos podemos ver o no y por eso dispuso una demanda al CNTV por el documental \u00abEl sepulcro olvidado de Jes\u00fas\u00bb.<\/p>\n<blockquote><p>Precisamente el tema de la fecha de presentaci\u00f3n, incomod\u00f3 a\u00fan m\u00e1s al cura Hasb\u00fan. \u201cEl canal nacional, un \u00f3rgano del Estado y controlado por el Gobierno, curiosamente exhib\u00eda en v\u00edspera de la Asunci\u00f3n que se hab\u00edan encontrado los huesos de Jes\u00fas, de un hijo tenido con Mar\u00eda Magdalena y de la Virgen Mar\u00eda\u201d, reclama Garc\u00eda. (&#8230;)<\/p>\n<p>En la presentaci\u00f3n, el sacerdote alega que no se respetan los valores morales y culturales propios de la naci\u00f3n chilena, como la dignidad de las personas, la protecci\u00f3n de la familia, el pluralismo y la formaci\u00f3n espiritual e intelectual de la ni\u00f1ez y juventud dentro de un marco val\u00f3rico y en horario todo espectador.<\/p><\/blockquote>\n<p>TVN no lo pesc\u00f3. <a href=\"http:\/\/www.lun.com\/modulos\/catalogo\/paginas\/2007\/08\/28\/LUCSTTL29LU2808.htm\">Link<\/a> <em>(V\u00eda <a href=\"http:\/\/www.fotech.cl\">Fotech<\/a>)<\/em><\/p>\n","protected":false},"excerpt":{"rendered":"<p>Se repite la historia: el cura Hasb\u00fan cree que tiene los derechos de decidir lo que los chilenos podemos ver o no y por eso dispuso una demanda al CNTV por el documental \u00abEl sepulcro olvidado de Jes\u00fas\u00bb. Precisamente el tema de la fecha de presentaci\u00f3n, incomod\u00f3 a\u00fan m\u00e1s al cura Hasb\u00fan. \u201cEl canal nacional, [&hellip;]<\/p>\n","protected":false},"author":2,"featured_media":0,"comment_status":"open","ping_status":"open","sticky":false,"template":"","format":"standard","meta":{"footnotes":""},"categories":[9,12],"tags":[],"class_list":["post-67","post","type-post","status-publish","format-standard","hentry","category-chanta","category-chile"],"_links":{"self":[{"href":"http:\/\/www.sofoca.cl\/pebre\/wp-json\/wp\/v2\/posts\/67","targetHints":{"allow":["GET"]}}],"collection":[{"href":"http:\/\/www.sofoca.cl\/pebre\/wp-json\/wp\/v2\/posts"}],"about":[{"href":"http:\/\/www.sofoca.cl\/pebre\/wp-json\/wp\/v2\/types\/post"}],"author":[{"embeddable":true,"href":"http:\/\/www.sofoca.cl\/pebre\/wp-json\/wp\/v2\/users\/2"}],"replies":[{"embeddable":true,"href":"http:\/\/www.sofoca.cl\/pebre\/wp-json\/wp\/v2\/comments?post=67"}],"version-history":[{"count":0,"href":"http:\/\/www.sofoca.cl\/pebre\/wp-json\/wp\/v2\/posts\/67\/revisions"}],"wp:attachment":[{"href":"http:\/\/www.sofoca.cl\/pebre\/wp-json\/wp\/v2\/media?parent=67"}],"wp:term":[{"taxonomy":"category","embeddable":true,"href":"http:\/\/www.sofoca.cl\/pebre\/wp-json\/wp\/v2\/categories?post=67"},{"taxonomy":"post_tag","embeddable":true,"href":"http:\/\/www.sofoca.cl\/pebre\/wp-json\/wp\/v2\/tags?post=67"}],"curies":[{"name":"wp","href":"https:\/\/api.w.org\/{rel}","templated":true}]}}