{"id":672,"date":"2008-02-01T21:24:51","date_gmt":"2008-02-02T00:24:51","guid":{"rendered":"http:\/\/www.sofoca.cl\/pebre\/2008\/02\/01\/%c2%bfcomo-quedaria-flickr-si-microsoft-compra-a-yahoo\/"},"modified":"2008-02-01T21:31:27","modified_gmt":"2008-02-02T00:31:27","slug":"%c2%bfcomo-quedaria-flickr-si-microsoft-compra-a-yahoo","status":"publish","type":"post","link":"http:\/\/www.sofoca.cl\/pebre\/2008\/02\/01\/%c2%bfcomo-quedaria-flickr-si-microsoft-compra-a-yahoo\/","title":{"rendered":"\u00bfC\u00f3mo quedar\u00eda Flickr si Microsoft compra a Yahoo!?"},"content":{"rendered":"<p>Ya todos sabemos del <a href=\"http:\/\/www.fayerwayer.com\/2008\/02\/microsoft-ofrece-usd446-billones-por-yahoo\/\"><em>affaire<\/em> entre Microsoft y Yahoo!<\/a>, que ocurri\u00f3 hace un rato. Mucha gente se pregunta c\u00f3mo quedar\u00e1 \u00abla internet\u00bb si es que se llega a concretar la compra\/fusi\u00f3n, aunque otros creen que <a href=\"http:\/\/www.microsiervos.com\/archivo\/frases-citas\/microsoft-yahoo-sentido.html\">no pasar\u00e1 nada<\/a>. A otros (me incluyo) les preocupa m\u00e1s c\u00f3mo es que quedar\u00e1n los servicios que son de Yahoo! o han sido comprados por Yahoo!; como <a href=\"http:\/\/del.icio.us\/\">del.icio.us<\/a> o <a href=\"http:\/\/www.flickr.com\">Flickr<\/a>. Y es que hay mucha gente que le tiene terror u odio a todo lo que sea o tenga que ver con Microsoft, y servicios tan buenos como Flickr pueden quedar muy deformes si es que Microsoft decide meterles mano.<\/p>\n<p>Por eso es que hay gente que ya reclama contra Microsoft y amenaza de irse de Flickr; o hacen fotomontajes contra la compra. Si es que Microsoft compra a Yahoo! y modifica Flickr para que quedara como si lo hubieran hecho en Redmond, quedar\u00eda as\u00ed:<\/p>\n<p style=\"text-align: center\"><img decoding=\"async\" src=\"http:\/\/www.sofoca.cl\/pebre\/wp-content\/uploads\/2008\/02\/2234971405_91987472bd.jpg\" alt=\"Microflickr\" \/><\/p>\n<p>La foto es de <a href=\"http:\/\/www.flickr.com\/photos\/iokin\/2234971405\/\">iokin<\/a> y muestra perfectamente lo que no hay que hacer. La verdad, no creo que llegue a niveles tan extremos y si es que son inteligentes dejar\u00e1n los servicios tal como est\u00e1n. Pero bueh, hay harta gente que se va a ir igual. \u00bfM\u00e1s fotos? Pueden ver el grupo llamado <a href=\"http:\/\/www.flickr.com\/groups\/microsoft-keep-your-evil-grubby-hands-off-our-flickr\/pool\/\">MICROSOFT: KEEP YOUR EVIL GRUBBY HANDS OFF OF OUR FLICKR<\/a>.<\/p>\n","protected":false},"excerpt":{"rendered":"<p>Ya todos sabemos del affaire entre Microsoft y Yahoo!, que ocurri\u00f3 hace un rato. Mucha gente se pregunta c\u00f3mo quedar\u00e1 \u00abla internet\u00bb si es que se llega a concretar la compra\/fusi\u00f3n, aunque otros creen que no pasar\u00e1 nada. A otros (me incluyo) les preocupa m\u00e1s c\u00f3mo es que quedar\u00e1n los servicios que son de Yahoo! [&hellip;]<\/p>\n","protected":false},"author":2,"featured_media":0,"comment_status":"open","ping_status":"open","sticky":false,"template":"","format":"standard","meta":{"footnotes":""},"categories":[9,13,5],"tags":[],"class_list":["post-672","post","type-post","status-publish","format-standard","hentry","category-chanta","category-fotos","category-internet"],"_links":{"self":[{"href":"http:\/\/www.sofoca.cl\/pebre\/wp-json\/wp\/v2\/posts\/672","targetHints":{"allow":["GET"]}}],"collection":[{"href":"http:\/\/www.sofoca.cl\/pebre\/wp-json\/wp\/v2\/posts"}],"about":[{"href":"http:\/\/www.sofoca.cl\/pebre\/wp-json\/wp\/v2\/types\/post"}],"author":[{"embeddable":true,"href":"http:\/\/www.sofoca.cl\/pebre\/wp-json\/wp\/v2\/users\/2"}],"replies":[{"embeddable":true,"href":"http:\/\/www.sofoca.cl\/pebre\/wp-json\/wp\/v2\/comments?post=672"}],"version-history":[{"count":0,"href":"http:\/\/www.sofoca.cl\/pebre\/wp-json\/wp\/v2\/posts\/672\/revisions"}],"wp:attachment":[{"href":"http:\/\/www.sofoca.cl\/pebre\/wp-json\/wp\/v2\/media?parent=672"}],"wp:term":[{"taxonomy":"category","embeddable":true,"href":"http:\/\/www.sofoca.cl\/pebre\/wp-json\/wp\/v2\/categories?post=672"},{"taxonomy":"post_tag","embeddable":true,"href":"http:\/\/www.sofoca.cl\/pebre\/wp-json\/wp\/v2\/tags?post=672"}],"curies":[{"name":"wp","href":"https:\/\/api.w.org\/{rel}","templated":true}]}}