{"id":68,"date":"2007-08-28T21:34:30","date_gmt":"2007-08-29T01:34:30","guid":{"rendered":"http:\/\/www.sofoca.cl\/pebre\/2007\/08\/28\/el-feto-mas-famoso-del-mundo\/"},"modified":"2007-08-28T21:34:30","modified_gmt":"2007-08-29T01:34:30","slug":"el-feto-mas-famoso-del-mundo","status":"publish","type":"post","link":"http:\/\/www.sofoca.cl\/pebre\/2007\/08\/28\/el-feto-mas-famoso-del-mundo\/","title":{"rendered":"El feto m\u00e1s famoso del mundo"},"content":{"rendered":"<p>Gracias a una <a href=\"http:\/\/www.facebook.com\/s.php?k=10080&#038;id=701087165\">p\u00e1gina en Facebook<\/a>, el feto con el apodo de \u00abBubba\u00bb Waring se hace famoso incluso antes de nacer. Todav\u00eda no se sabe si ser\u00e1 hombre o mujer, pero una multitud enardecida de cibernautas ya est\u00e1n apostando. <a href=\"http:\/\/www.lun.com\/modulos\/catalogo\/Paginas\/LUN_JPG\/30\/2007\/08\/28\/LUCPRSO10LU2808.jpg\">Link<\/a>.<\/p>\n","protected":false},"excerpt":{"rendered":"<p>Gracias a una p\u00e1gina en Facebook, el feto con el apodo de \u00abBubba\u00bb Waring se hace famoso incluso antes de nacer. Todav\u00eda no se sabe si ser\u00e1 hombre o mujer, pero una multitud enardecida de cibernautas ya est\u00e1n apostando. Link.<\/p>\n","protected":false},"author":2,"featured_media":0,"comment_status":"open","ping_status":"open","sticky":false,"template":"","format":"standard","meta":{"footnotes":""},"categories":[7,5,10],"tags":[],"class_list":["post-68","post","type-post","status-publish","format-standard","hentry","category-internacional","category-internet","category-loco"],"_links":{"self":[{"href":"http:\/\/www.sofoca.cl\/pebre\/wp-json\/wp\/v2\/posts\/68","targetHints":{"allow":["GET"]}}],"collection":[{"href":"http:\/\/www.sofoca.cl\/pebre\/wp-json\/wp\/v2\/posts"}],"about":[{"href":"http:\/\/www.sofoca.cl\/pebre\/wp-json\/wp\/v2\/types\/post"}],"author":[{"embeddable":true,"href":"http:\/\/www.sofoca.cl\/pebre\/wp-json\/wp\/v2\/users\/2"}],"replies":[{"embeddable":true,"href":"http:\/\/www.sofoca.cl\/pebre\/wp-json\/wp\/v2\/comments?post=68"}],"version-history":[{"count":0,"href":"http:\/\/www.sofoca.cl\/pebre\/wp-json\/wp\/v2\/posts\/68\/revisions"}],"wp:attachment":[{"href":"http:\/\/www.sofoca.cl\/pebre\/wp-json\/wp\/v2\/media?parent=68"}],"wp:term":[{"taxonomy":"category","embeddable":true,"href":"http:\/\/www.sofoca.cl\/pebre\/wp-json\/wp\/v2\/categories?post=68"},{"taxonomy":"post_tag","embeddable":true,"href":"http:\/\/www.sofoca.cl\/pebre\/wp-json\/wp\/v2\/tags?post=68"}],"curies":[{"name":"wp","href":"https:\/\/api.w.org\/{rel}","templated":true}]}}