{"id":700,"date":"2008-02-29T12:14:07","date_gmt":"2008-02-29T15:14:07","guid":{"rendered":"http:\/\/www.sofoca.cl\/pebre\/2008\/02\/29\/feliz-29-de-febrero\/"},"modified":"2008-02-29T18:14:29","modified_gmt":"2008-02-29T21:14:29","slug":"feliz-29-de-febrero","status":"publish","type":"post","link":"http:\/\/www.sofoca.cl\/pebre\/2008\/02\/29\/feliz-29-de-febrero\/","title":{"rendered":"Feliz 29 de febrero"},"content":{"rendered":"<p>Supongo que usted ya lo sabe, pero hoy, 29 de febrero, es un d\u00eda que <strong>no est\u00e1 en todos los calendarios<\/strong>. Si podemos disfrutar del 29 de febrero este a\u00f1o es porque es un a\u00f1o bisiesto (que no tiene nada que ver con las siestas, obviamente). Los a\u00f1os bisiestos ocurren cada cuatro a\u00f1os.<\/p>\n<p>La regla espec\u00edfica es que <strong>un a\u00f1o bisiesto es todo a\u00f1o que sea divisible por cuatro. <\/strong>A esos, tenemos que exceptuar todos <strong>los a\u00f1os que sean \u00abfin de siglo\u00bb (divisores de cien), que no son bisiestos<\/strong>; pero tambi\u00e9n tenemos que agregar que <strong>los a\u00f1os divisibles por cuatrocientos s\u00ed son bisiestos<\/strong>. \u00bfSe entendi\u00f3? No. Pero igual: de esa manera podemos saber f\u00e1cilmente por qu\u00e9 2008 es bisiesto (es divisible por cuatro), por qu\u00e9 el 2100 no ser\u00e1 bisiesto (es divisible por cuatro, pero es divisible por cien y no por cuatrocientos) y por qu\u00e9 el 2000 fue bisiesto (es divisible por cuatrocientos).<\/p>\n<p>\u00bfY para qu\u00e9 sirven los a\u00f1os bisiestos? Aparte de para joder a mucha <a href=\"http:\/\/en.wikipedia.org\/wiki\/February_29#Births\">gente que celebra su cumplea\u00f1os cada cuatro a\u00f1os<\/a>, los a\u00f1os bisiestos cumplen una funci\u00f3n important\u00edsima en la medici\u00f3n del tiempo. Es bastante conocido que el tiempo en que la tierra da vuelta al sol (se le llama a\u00f1o) no dura exactamente igual al un \u00aba\u00f1o de calendario\u00bb. Un a\u00f1o-calendario dura 365 d\u00edas y un a\u00f1o-\u00abreal\u00bb dura 365,24219 d\u00edas. O sea, aproximadamente 365 d\u00edas y un cuarto. Agregando un d\u00eda cada cuatro a\u00f1os, se recupera el excedente que supone tener \u00abun cuarto de d\u00eda\u00bb m\u00e1s cada a\u00f1o, y de esa manera tenemos <strong>un calendario consistente<\/strong>. \u00bfQu\u00e9 bonito, no?  Y como el a\u00f1o-real tampoco dura exactamente 365 d\u00edas y un cuarto, se compensa el otro desfase agregando segundos a ciertos a\u00f1os.<\/p>\n<p>Seg\u00fan la historia, fue <a href=\"http:\/\/86400.es\/2008\/02\/29\/julio-cesar-y-el-ano-bisiesto\/\">Julio C\u00e9sar el primero que orden\u00f3 agregar un d\u00eda m\u00e1s al calendario<\/a>, por sugerencia del astr\u00f3nomo Sos\u00edgenes. En ese entonces, los a\u00f1os bisiestos ocurr\u00edan cada cuatro a\u00f1os, sin excepci\u00f3n, y se llamaba <strong>calendario juli\u00e1nico<\/strong>. Fue en 1582 que el Papa Gregorio XIII propuso la restricci\u00f3n de los a\u00f1os bisiestos para los divisores de cien, con lo que tenemos el <strong>calendario gregoriano<\/strong>, que usamos hasta hoy&#8230; nosotros. Hay muchos <a href=\"http:\/\/www.timeanddate.com\/date\/leap-year-in-other-calendars.html\">otros calendarios<\/a>, que usan sus propios bisiestos diferentes a los de nosotros. Mish.<\/p>\n<p>Bueh, <a href=\"http:\/\/google.dirson.com\/post\/3888-ano-bisiesto-2008\/\">Google tiene un logo para conmemorar la ocasi\u00f3n<\/a>&#8230; \u00bfqu\u00e9 m\u00e1s? Curiosidades: Algunos a\u00f1os en la historia, ha existido la fecha <a href=\"http:\/\/en.wikipedia.org\/wiki\/February_30\">30 de febrero<\/a>, por condorazos o bien por ajustes calend\u00e1ricos. El que no ha existido nunca es el <a href=\"http:\/\/en.wikipedia.org\/wiki\/February_31\">31 de febrero<\/a>, pero nunca se sabe. Eso ser\u00eda todo, disfruten este 29 de febrero, que para el otro falta mucho.<\/p>\n<p><strong>Actualizaci\u00f3n:<\/strong> Un dato que se me olvid\u00f3 y me acord\u00e9 gracias al <a href=\"http:\/\/www.marlexsystems.org\/%c2%bfporque-existe-el-ano-bisiesto\/\">post de Marlex Systems<\/a> y que tiene que ver con las personas que nacieron en un 29 de febrero: ellos <strong>suelen celebrar sus cumplea\u00f1os los 1 de marzo<\/strong> los a\u00f1os que no son bisiestos (y no por capricho, creo que legalmente \u201ccumplen\u201d a\u00f1os esa fecha si es un a\u00f1o no-bisiesto, aunque no estoy seguro). Aunque claro, es cosa de ellos si lo quieren celebrar cada cuatro a\u00f1os por ponerse quisquillosos con la fecha.<\/p>\n","protected":false},"excerpt":{"rendered":"<p>Supongo que usted ya lo sabe, pero hoy, 29 de febrero, es un d\u00eda que no est\u00e1 en todos los calendarios. Si podemos disfrutar del 29 de febrero este a\u00f1o es porque es un a\u00f1o bisiesto (que no tiene nada que ver con las siestas, obviamente). Los a\u00f1os bisiestos ocurren cada cuatro a\u00f1os. La regla [&hellip;]<\/p>\n","protected":false},"author":2,"featured_media":0,"comment_status":"open","ping_status":"open","sticky":false,"template":"","format":"standard","meta":{"footnotes":""},"categories":[12,11],"tags":[],"class_list":["post-700","post","type-post","status-publish","format-standard","hentry","category-chile","category-ciencia"],"_links":{"self":[{"href":"http:\/\/www.sofoca.cl\/pebre\/wp-json\/wp\/v2\/posts\/700","targetHints":{"allow":["GET"]}}],"collection":[{"href":"http:\/\/www.sofoca.cl\/pebre\/wp-json\/wp\/v2\/posts"}],"about":[{"href":"http:\/\/www.sofoca.cl\/pebre\/wp-json\/wp\/v2\/types\/post"}],"author":[{"embeddable":true,"href":"http:\/\/www.sofoca.cl\/pebre\/wp-json\/wp\/v2\/users\/2"}],"replies":[{"embeddable":true,"href":"http:\/\/www.sofoca.cl\/pebre\/wp-json\/wp\/v2\/comments?post=700"}],"version-history":[{"count":0,"href":"http:\/\/www.sofoca.cl\/pebre\/wp-json\/wp\/v2\/posts\/700\/revisions"}],"wp:attachment":[{"href":"http:\/\/www.sofoca.cl\/pebre\/wp-json\/wp\/v2\/media?parent=700"}],"wp:term":[{"taxonomy":"category","embeddable":true,"href":"http:\/\/www.sofoca.cl\/pebre\/wp-json\/wp\/v2\/categories?post=700"},{"taxonomy":"post_tag","embeddable":true,"href":"http:\/\/www.sofoca.cl\/pebre\/wp-json\/wp\/v2\/tags?post=700"}],"curies":[{"name":"wp","href":"https:\/\/api.w.org\/{rel}","templated":true}]}}