{"id":703,"date":"2008-02-29T16:04:28","date_gmt":"2008-02-29T19:04:28","guid":{"rendered":"http:\/\/www.sofoca.cl\/pebre\/2008\/02\/29\/logos-del-mundo-unios\/"},"modified":"2008-02-29T16:04:28","modified_gmt":"2008-02-29T19:04:28","slug":"logos-del-mundo-unios","status":"publish","type":"post","link":"http:\/\/www.sofoca.cl\/pebre\/2008\/02\/29\/logos-del-mundo-unios\/","title":{"rendered":"Logos del mundo, un\u00edos"},"content":{"rendered":"<p>\u00abEl Frente de Liberaci\u00f3n de Logos se ha organizado para exigir la liberaci\u00f3n inmediata de todos los logos del mundo, compa\u00f1eros. Animales que se han visto privados de libertad desde su creaci\u00f3n, s\u00f3lo por el inter\u00e9s comercial de las empresas transnacionales, primermundistas, imperialistas, fascistas, etc\u00e9tera, etc\u00e9tera. Lucharemos para liberar a nuestros compa\u00f1eros, los logos-animales, de esta tiran\u00eda injusta. \u00a1Juntos podemos!\u00bb<\/p>\n<p style=\"text-align: center\"><img decoding=\"async\" src=\"http:\/\/www.sofoca.cl\/pebre\/wp-content\/uploads\/2008\/02\/4.jpg\" alt=\"ING Libre\" \/><\/p>\n<p>O algo parecido debe haber pensado <a href=\"http:\/\/www.helmutsmits.nl\/\">Helmut Smits<\/a> cuando comenz\u00f3 sus peculiares obras de \u00abliberaci\u00f3n\u00bb de las mascotas pertenecientes a los logos de varias compa\u00f1\u00edas. \u00c9stas consisten en fotos de las mascotas en su supuesto h\u00e1bitat original, como<a href=\"http:\/\/www.adn.es\/cultura\/20080227\/PGL-0006-logos\/ADNIMA20080222_3558.html\"> el puma de Puma en el bosque<\/a> o <a href=\"http:\/\/www.adn.es\/cultura\/20080227\/PGL-0006-logos\/ADNIMA20080222_3587.html\">el cocodrilo de Lacoste en un pantano<\/a>. En esa misma onda, en ADN.es han iniciado una propuesta que recibe colaboraciones similares de los lectores, as\u00ed que puedes \u00abliberar\u00bb al animal de tu logo favorito, como el tipo que envi\u00f3 <a href=\"http:\/\/www.adn.es\/cultura\/20080227\/PGL-0006-logos\/ADNIMA20080227_4272.html\">el camello de Camel en el desierto<\/a>. \u00a1Ahora y siempre! <em>(V\u00eda <a href=\"http:\/\/www.adn.es\/blog\/batisfera\/tecnologia\/20080222\/POS-0010-Logos-liberacion-Frente-Helmut-Smits.html\">Batisfera<\/a>)<\/em><\/p>\n","protected":false},"excerpt":{"rendered":"<p>\u00abEl Frente de Liberaci\u00f3n de Logos se ha organizado para exigir la liberaci\u00f3n inmediata de todos los logos del mundo, compa\u00f1eros. Animales que se han visto privados de libertad desde su creaci\u00f3n, s\u00f3lo por el inter\u00e9s comercial de las empresas transnacionales, primermundistas, imperialistas, fascistas, etc\u00e9tera, etc\u00e9tera. Lucharemos para liberar a nuestros compa\u00f1eros, los logos-animales, de [&hellip;]<\/p>\n","protected":false},"author":2,"featured_media":0,"comment_status":"open","ping_status":"open","sticky":false,"template":"","format":"standard","meta":{"footnotes":""},"categories":[16,13,14],"tags":[],"class_list":["post-703","post","type-post","status-publish","format-standard","hentry","category-bakan","category-fotos","category-publicidad"],"_links":{"self":[{"href":"http:\/\/www.sofoca.cl\/pebre\/wp-json\/wp\/v2\/posts\/703","targetHints":{"allow":["GET"]}}],"collection":[{"href":"http:\/\/www.sofoca.cl\/pebre\/wp-json\/wp\/v2\/posts"}],"about":[{"href":"http:\/\/www.sofoca.cl\/pebre\/wp-json\/wp\/v2\/types\/post"}],"author":[{"embeddable":true,"href":"http:\/\/www.sofoca.cl\/pebre\/wp-json\/wp\/v2\/users\/2"}],"replies":[{"embeddable":true,"href":"http:\/\/www.sofoca.cl\/pebre\/wp-json\/wp\/v2\/comments?post=703"}],"version-history":[{"count":0,"href":"http:\/\/www.sofoca.cl\/pebre\/wp-json\/wp\/v2\/posts\/703\/revisions"}],"wp:attachment":[{"href":"http:\/\/www.sofoca.cl\/pebre\/wp-json\/wp\/v2\/media?parent=703"}],"wp:term":[{"taxonomy":"category","embeddable":true,"href":"http:\/\/www.sofoca.cl\/pebre\/wp-json\/wp\/v2\/categories?post=703"},{"taxonomy":"post_tag","embeddable":true,"href":"http:\/\/www.sofoca.cl\/pebre\/wp-json\/wp\/v2\/tags?post=703"}],"curies":[{"name":"wp","href":"https:\/\/api.w.org\/{rel}","templated":true}]}}