{"id":708,"date":"2008-03-01T18:26:08","date_gmt":"2008-03-01T21:26:08","guid":{"rendered":"http:\/\/www.sofoca.cl\/pebre\/2008\/03\/01\/cronologia-de-la-oficina-del-jappening-con-ja\/"},"modified":"2008-03-01T19:32:09","modified_gmt":"2008-03-01T22:32:09","slug":"cronologia-de-la-oficina-del-jappening-con-ja","status":"publish","type":"post","link":"http:\/\/www.sofoca.cl\/pebre\/2008\/03\/01\/cronologia-de-la-oficina-del-jappening-con-ja\/","title":{"rendered":"Cronolog\u00eda de La Oficina del Jappening con Ja"},"content":{"rendered":"<p>Dentro del ocio de mis vacaciones elabor\u00e9 una tabla con los personajes que han sido parte del sketch <strong>La Oficina<\/strong>, del <a href=\"http:\/\/es.wikipedia.org\/wiki\/Jappening_con_Ja\">Jappening con Ja<\/a>, clasificado por a\u00f1os y rol. Click para ver en grande.<\/p>\n<p style=\"text-align: center\"><a href=\"http:\/\/www.sofoca.cl\/pebre\/wp-content\/uploads\/2008\/03\/theoffice.html\"><img decoding=\"async\" src=\"http:\/\/www.sofoca.cl\/pebre\/wp-content\/uploads\/2008\/03\/officeselecta.jpg\"  alt=\"\" \/><\/a><\/p>\n<p>Los datos los saqu\u00e9 de Wikipedia, de algunos foros y de lo que me acordaba. S\u00e9 que tiene varias imprecisiones en los a\u00f1os y que faltan varios personajes en la \u00e9poca de Mega, por lo que agradezco cualquier aporte o correcci\u00f3n.<\/p>\n","protected":false},"excerpt":{"rendered":"<p>Dentro del ocio de mis vacaciones elabor\u00e9 una tabla con los personajes que han sido parte del sketch La Oficina, del Jappening con Ja, clasificado por a\u00f1os y rol. Click para ver en grande. Los datos los saqu\u00e9 de Wikipedia, de algunos foros y de lo que me acordaba. S\u00e9 que tiene varias imprecisiones en [&hellip;]<\/p>\n","protected":false},"author":3,"featured_media":0,"comment_status":"open","ping_status":"open","sticky":false,"template":"","format":"standard","meta":{"footnotes":""},"categories":[12],"tags":[],"class_list":["post-708","post","type-post","status-publish","format-standard","hentry","category-chile"],"_links":{"self":[{"href":"http:\/\/www.sofoca.cl\/pebre\/wp-json\/wp\/v2\/posts\/708","targetHints":{"allow":["GET"]}}],"collection":[{"href":"http:\/\/www.sofoca.cl\/pebre\/wp-json\/wp\/v2\/posts"}],"about":[{"href":"http:\/\/www.sofoca.cl\/pebre\/wp-json\/wp\/v2\/types\/post"}],"author":[{"embeddable":true,"href":"http:\/\/www.sofoca.cl\/pebre\/wp-json\/wp\/v2\/users\/3"}],"replies":[{"embeddable":true,"href":"http:\/\/www.sofoca.cl\/pebre\/wp-json\/wp\/v2\/comments?post=708"}],"version-history":[{"count":0,"href":"http:\/\/www.sofoca.cl\/pebre\/wp-json\/wp\/v2\/posts\/708\/revisions"}],"wp:attachment":[{"href":"http:\/\/www.sofoca.cl\/pebre\/wp-json\/wp\/v2\/media?parent=708"}],"wp:term":[{"taxonomy":"category","embeddable":true,"href":"http:\/\/www.sofoca.cl\/pebre\/wp-json\/wp\/v2\/categories?post=708"},{"taxonomy":"post_tag","embeddable":true,"href":"http:\/\/www.sofoca.cl\/pebre\/wp-json\/wp\/v2\/tags?post=708"}],"curies":[{"name":"wp","href":"https:\/\/api.w.org\/{rel}","templated":true}]}}