{"id":731,"date":"2008-03-09T11:17:51","date_gmt":"2008-03-09T14:17:51","guid":{"rendered":"http:\/\/www.sofoca.cl\/pebre\/2008\/03\/09\/miedo-a-los-computadores-en-1984\/"},"modified":"2008-03-09T11:57:00","modified_gmt":"2008-03-09T14:57:00","slug":"miedo-a-los-computadores-en-1984","status":"publish","type":"post","link":"http:\/\/www.sofoca.cl\/pebre\/2008\/03\/09\/miedo-a-los-computadores-en-1984\/","title":{"rendered":"Miedo a los computadores en 1984"},"content":{"rendered":"<p style=\"text-align: center\"><img decoding=\"async\" src=\"http:\/\/www.sofoca.cl\/pebre\/wp-content\/uploads\/2008\/03\/cajeromalo.jpg\" alt=\"Cajero Malo\" \/><\/p>\n<p>Es una <strong><a href=\"http:\/\/www.youtube.com\/watch?v=_GPnDH3Zthk\">nota de TVN de 1984<\/a><\/strong> (dura unos ocho minutos y no la puedo <em>embedear<\/em> porque <a href=\"http:\/\/canutgeek.uni.cc\/wp\/index.php\/2007\/11\/16\/el-terremoto-de-antofagasta-no-se-puede-confiar-en-los-medios-tradicionales\/\">los de TVN son mamones<\/a>), conducida por Mercedes Ducci y dirigida por <span>Yussef Daruich. En ella hablan de los computadores en esa \u00e9poca y lo que se esperaba de ellos.<\/span><\/p>\n<p><span>Resulta sorprendente como se cuestionan \u00ablos poderes del computador\u00bb y lo tratan como algo omnipotente y que da miedo. Lo peor es la cantidad de gente que cree que \u00abel computador va a reemplazar al ser humano\u00bb e incluso \u00abal libro\u00bb, que les va a \u00abquitar el trabajo\u00bb, que los va a \u00abdominar, de todas maneras\u00bb; as\u00ed como tambi\u00e9n sorprende el comentario atinado de una se\u00f1ora que dice \u00abno, el computador no va a llegar a dominar, pero se va a hacer indispensable&#8230;\u00bb Mish.<\/span><\/p>\n<p>Lo mejor viene despu\u00e9s con la nota sobre los cajeros autom\u00e1ticos, que seg\u00fan dicen, no ten\u00edan m\u00e1s de dos a\u00f1os en el pa\u00eds. Cuentan que la relaci\u00f3n con los cajeros era tortuosa y mucha gente le ten\u00eda miedo a los cajeros, porque pensaban que el cajero los pod\u00eda dejar como tontos al no saber usarlos (y que el cajero se iba a re\u00edr), que los pod\u00eda electrocutar al tocar un bot\u00f3n, o incluso <strong>que les pod\u00eda tragar la mano o el cuerpo completo<\/strong>. 1984 fue un a\u00f1o loco, sin duda. <em>(V\u00eda <a href=\"http:\/\/www.porlaputa.com\/2008\/03\/05\/hasta-donde-puede-llegar-el-poder-del-computador-cree-usted-que-podria-llegar-a-dominar-a-la-gente\/\">Porlaputa<\/a>)<\/em><\/p>\n","protected":false},"excerpt":{"rendered":"<p>Es una nota de TVN de 1984 (dura unos ocho minutos y no la puedo embedear porque los de TVN son mamones), conducida por Mercedes Ducci y dirigida por Yussef Daruich. En ella hablan de los computadores en esa \u00e9poca y lo que se esperaba de ellos. Resulta sorprendente como se cuestionan \u00ablos poderes del [&hellip;]<\/p>\n","protected":false},"author":2,"featured_media":0,"comment_status":"open","ping_status":"open","sticky":false,"template":"","format":"standard","meta":{"footnotes":""},"categories":[16,12,18,4],"tags":[],"class_list":["post-731","post","type-post","status-publish","format-standard","hentry","category-bakan","category-chile","category-tecnologia","category-videos"],"_links":{"self":[{"href":"http:\/\/www.sofoca.cl\/pebre\/wp-json\/wp\/v2\/posts\/731","targetHints":{"allow":["GET"]}}],"collection":[{"href":"http:\/\/www.sofoca.cl\/pebre\/wp-json\/wp\/v2\/posts"}],"about":[{"href":"http:\/\/www.sofoca.cl\/pebre\/wp-json\/wp\/v2\/types\/post"}],"author":[{"embeddable":true,"href":"http:\/\/www.sofoca.cl\/pebre\/wp-json\/wp\/v2\/users\/2"}],"replies":[{"embeddable":true,"href":"http:\/\/www.sofoca.cl\/pebre\/wp-json\/wp\/v2\/comments?post=731"}],"version-history":[{"count":0,"href":"http:\/\/www.sofoca.cl\/pebre\/wp-json\/wp\/v2\/posts\/731\/revisions"}],"wp:attachment":[{"href":"http:\/\/www.sofoca.cl\/pebre\/wp-json\/wp\/v2\/media?parent=731"}],"wp:term":[{"taxonomy":"category","embeddable":true,"href":"http:\/\/www.sofoca.cl\/pebre\/wp-json\/wp\/v2\/categories?post=731"},{"taxonomy":"post_tag","embeddable":true,"href":"http:\/\/www.sofoca.cl\/pebre\/wp-json\/wp\/v2\/tags?post=731"}],"curies":[{"name":"wp","href":"https:\/\/api.w.org\/{rel}","templated":true}]}}