{"id":748,"date":"2008-03-15T21:13:05","date_gmt":"2008-03-16T00:13:05","guid":{"rendered":"http:\/\/www.sofoca.cl\/pebre\/2008\/03\/15\/el-lado-choro-de-mozart\/"},"modified":"2008-03-15T21:13:05","modified_gmt":"2008-03-16T00:13:05","slug":"el-lado-choro-de-mozart","status":"publish","type":"post","link":"http:\/\/www.sofoca.cl\/pebre\/2008\/03\/15\/el-lado-choro-de-mozart\/","title":{"rendered":"El lado choro de Mozart"},"content":{"rendered":"<p style=\"text-align: center\"><img decoding=\"async\" src=\"http:\/\/www.sofoca.cl\/pebre\/wp-content\/uploads\/2008\/03\/2323285181_b563ee2569.jpg\" alt=\"Mozartculo\" \/><\/p>\n<p><strong>\u00ab<em>Leck mich im Arsch<\/em>\u00ab<\/strong> es una composici\u00f3n de Mozart. No es muy conocida, probablemente porque se descubri\u00f3 tan s\u00f3lo en 1991. Tiene como peculiaridad el hecho de ser una composici\u00f3n corta y festiva, pensada probablemente para ser cantada en fiestas con los amigos. As\u00ed podemos entender su t\u00edtulo, que se traduce como&#8230; \u00ab<a href=\"http:\/\/www.futilitycloset.com\/2008\/03\/11\/scherzando\/\">l\u00e1meme el culo<\/a>\u00ab.<\/p>\n<p>Un momento de ocio del caballero, probablemente; al igual que su canci\u00f3n \u00ab<em>Leck mir den Arsch fein recht sch\u00f6n sauber<\/em>\u00ab, que significa algo como \u00abl\u00e1meme bien el culo hasta que quede limpio\u00bb. Si no me cree (no lo culpo) mire <a href=\"http:\/\/en.wikipedia.org\/wiki\/Lick_me_in_the_ass\">la Wikipedia<\/a>. Mozart era todo un choro, sin duda alguna.<\/p>\n","protected":false},"excerpt":{"rendered":"<p>\u00abLeck mich im Arsch\u00ab es una composici\u00f3n de Mozart. No es muy conocida, probablemente porque se descubri\u00f3 tan s\u00f3lo en 1991. Tiene como peculiaridad el hecho de ser una composici\u00f3n corta y festiva, pensada probablemente para ser cantada en fiestas con los amigos. As\u00ed podemos entender su t\u00edtulo, que se traduce como&#8230; \u00abl\u00e1meme el culo\u00ab. [&hellip;]<\/p>\n","protected":false},"author":2,"featured_media":0,"comment_status":"open","ping_status":"open","sticky":false,"template":"","format":"standard","meta":{"footnotes":""},"categories":[16,6],"tags":[],"class_list":["post-748","post","type-post","status-publish","format-standard","hentry","category-bakan","category-musica"],"_links":{"self":[{"href":"http:\/\/www.sofoca.cl\/pebre\/wp-json\/wp\/v2\/posts\/748","targetHints":{"allow":["GET"]}}],"collection":[{"href":"http:\/\/www.sofoca.cl\/pebre\/wp-json\/wp\/v2\/posts"}],"about":[{"href":"http:\/\/www.sofoca.cl\/pebre\/wp-json\/wp\/v2\/types\/post"}],"author":[{"embeddable":true,"href":"http:\/\/www.sofoca.cl\/pebre\/wp-json\/wp\/v2\/users\/2"}],"replies":[{"embeddable":true,"href":"http:\/\/www.sofoca.cl\/pebre\/wp-json\/wp\/v2\/comments?post=748"}],"version-history":[{"count":0,"href":"http:\/\/www.sofoca.cl\/pebre\/wp-json\/wp\/v2\/posts\/748\/revisions"}],"wp:attachment":[{"href":"http:\/\/www.sofoca.cl\/pebre\/wp-json\/wp\/v2\/media?parent=748"}],"wp:term":[{"taxonomy":"category","embeddable":true,"href":"http:\/\/www.sofoca.cl\/pebre\/wp-json\/wp\/v2\/categories?post=748"},{"taxonomy":"post_tag","embeddable":true,"href":"http:\/\/www.sofoca.cl\/pebre\/wp-json\/wp\/v2\/tags?post=748"}],"curies":[{"name":"wp","href":"https:\/\/api.w.org\/{rel}","templated":true}]}}