{"id":753,"date":"2008-03-25T19:15:46","date_gmt":"2008-03-25T22:15:46","guid":{"rendered":"http:\/\/www.sofoca.cl\/pebre\/2008\/03\/25\/se-viene-el-fin-del-mundo-loco\/"},"modified":"2008-09-21T21:30:06","modified_gmt":"2008-09-22T01:30:06","slug":"se-viene-el-fin-del-mundo-loco","status":"publish","type":"post","link":"http:\/\/www.sofoca.cl\/pebre\/2008\/03\/25\/se-viene-el-fin-del-mundo-loco\/","title":{"rendered":"Se viene el fin del mundo, loco"},"content":{"rendered":"<p>No s\u00e9 si este siglo tenga alg\u00fan r\u00e9cord como \u00absiglo con m\u00e1s premoniciones del fin del mundo\u00bb (acu\u00e9rdense que seg\u00fan el calendario de los mayas y los Archivos Secretos X, el mundo se acaba el 2012, glup), pero parece ser que as\u00ed es, y m\u00e1s encima se suma un nuevo integrante a la familia.<\/p>\n<p>Seg\u00fan \u00abuna secta rusa\u00bb, <strong><a href=\"http:\/\/www.emol.com\/noticias\/internacional\/detalle\/detallenoticias.asp?idnoticia=297724\">el mundo se acaba el 28 de mayo<\/a><\/strong>. Para salvarse del fin del mundo se escondieron en una cueva&#8230; <em>ahora<\/em>. Por si eso no fuera lo suficientemente est\u00fapido, est\u00e1n escondidos en una cueva con riesgo de derrumbe (\u00bfc\u00f3mo pretenden que <em>eso<\/em> los salve del \u00abfin del mundo\u00bb?).<\/p>\n<p>Los esfuerzos de la polic\u00eda por sacarlos han sido infructuosos y ya no lo quieren intentar despu\u00e9s de que los tipos encerrados les dispararan. Para m\u00e1s remate, el creador de \u00abla secta\u00bb est\u00e1 recluido en un manicomio, lo que nos da indicios de la seriedad de la premonici\u00f3n de la secta. El 28 de mayo, prep\u00e1rate. O prepara t\u00e9 (uh, que fome eso). <em>(V\u00eda <a href=\"http:\/\/www.elreflejo.cl\/2008\/03\/25\/%c2%bfse-acerca-el-fin-del-mundo\/\">El Reflejo<\/a>)<\/em><\/p>\n","protected":false},"excerpt":{"rendered":"<p>No s\u00e9 si este siglo tenga alg\u00fan r\u00e9cord como \u00absiglo con m\u00e1s premoniciones del fin del mundo\u00bb (acu\u00e9rdense que seg\u00fan el calendario de los mayas y los Archivos Secretos X, el mundo se acaba el 2012, glup), pero parece ser que as\u00ed es, y m\u00e1s encima se suma un nuevo integrante a la familia. Seg\u00fan [&hellip;]<\/p>\n","protected":false},"author":2,"featured_media":0,"comment_status":"closed","ping_status":"open","sticky":false,"template":"","format":"standard","meta":{"footnotes":""},"categories":[9,7,10],"tags":[],"class_list":["post-753","post","type-post","status-publish","format-standard","hentry","category-chanta","category-internacional","category-loco"],"_links":{"self":[{"href":"http:\/\/www.sofoca.cl\/pebre\/wp-json\/wp\/v2\/posts\/753","targetHints":{"allow":["GET"]}}],"collection":[{"href":"http:\/\/www.sofoca.cl\/pebre\/wp-json\/wp\/v2\/posts"}],"about":[{"href":"http:\/\/www.sofoca.cl\/pebre\/wp-json\/wp\/v2\/types\/post"}],"author":[{"embeddable":true,"href":"http:\/\/www.sofoca.cl\/pebre\/wp-json\/wp\/v2\/users\/2"}],"replies":[{"embeddable":true,"href":"http:\/\/www.sofoca.cl\/pebre\/wp-json\/wp\/v2\/comments?post=753"}],"version-history":[{"count":1,"href":"http:\/\/www.sofoca.cl\/pebre\/wp-json\/wp\/v2\/posts\/753\/revisions"}],"predecessor-version":[{"id":844,"href":"http:\/\/www.sofoca.cl\/pebre\/wp-json\/wp\/v2\/posts\/753\/revisions\/844"}],"wp:attachment":[{"href":"http:\/\/www.sofoca.cl\/pebre\/wp-json\/wp\/v2\/media?parent=753"}],"wp:term":[{"taxonomy":"category","embeddable":true,"href":"http:\/\/www.sofoca.cl\/pebre\/wp-json\/wp\/v2\/categories?post=753"},{"taxonomy":"post_tag","embeddable":true,"href":"http:\/\/www.sofoca.cl\/pebre\/wp-json\/wp\/v2\/tags?post=753"}],"curies":[{"name":"wp","href":"https:\/\/api.w.org\/{rel}","templated":true}]}}