{"id":756,"date":"2008-03-26T08:36:27","date_gmt":"2008-03-26T11:36:27","guid":{"rendered":"http:\/\/www.sofoca.cl\/pebre\/2008\/03\/26\/la-inteligencia-de-la-juventud-chilena\/"},"modified":"2008-03-26T08:36:27","modified_gmt":"2008-03-26T11:36:27","slug":"la-inteligencia-de-la-juventud-chilena","status":"publish","type":"post","link":"http:\/\/www.sofoca.cl\/pebre\/2008\/03\/26\/la-inteligencia-de-la-juventud-chilena\/","title":{"rendered":"La inteligencia de la juventud chilena"},"content":{"rendered":"<p>&#8230; es nula.<\/p>\n<a href=\"http:\/\/www.youtube.com\/watch?v=18NCDLMzA1w\">http:\/\/www.youtube.com\/watch?v=18NCDLMzA1w<\/a>\n<p>Y qu\u00e9 mejor manera de demostrarlo que haciendo preguntas al estilo CQC a los pokemones para dejarlos en rid\u00edculo. Y con eso, la inteligencia de <em>tooooda<\/em> la juventud queda comprobada emp\u00edricamente. Qu\u00e9 saben de epistemolog\u00eda.<\/p>\n<p>Como siempre, donde dice \u00abjuventud chilena\u00bb l\u00e9ase \u00abjoven chileno promedio y perteneciente a alguna tribu urbana\u00bb; no \u00abjuventud chilena\u00bb en general; aunque el uso en los medios hace que parezca as\u00ed y definitivamente <strong>no<\/strong> todos los j\u00f3venes son como en el video. De hecho, seg\u00fan los autores del video, al principio quer\u00edan \u00abdemostrar\u00bb la inteligencia de <em>toooda<\/em> la juventud,<strong> pero todos les respond\u00edan bien<\/strong>, hasta que fueron al Eurocentro y comenzaron a entrevistas a giles disfrazados. Si es que eso significa algo.<\/p>\n<p>A pesar de que me da risa, despu\u00e9s la pienso y no me deja de dar pena ver este tipo de cosas, aunque se me pasa luego. <em>(V\u00eda <a href=\"http:\/\/www.porlaputa.com\/2008\/03\/25\/nuestras-queridas-tribus-urbanas-son-una-banda-de-pelotudos\/\">Porlaputa<\/a>)<\/em><\/p>\n","protected":false},"excerpt":{"rendered":"<p>&#8230; es nula. Y qu\u00e9 mejor manera de demostrarlo que haciendo preguntas al estilo CQC a los pokemones para dejarlos en rid\u00edculo. Y con eso, la inteligencia de tooooda la juventud queda comprobada emp\u00edricamente. Qu\u00e9 saben de epistemolog\u00eda. Como siempre, donde dice \u00abjuventud chilena\u00bb l\u00e9ase \u00abjoven chileno promedio y perteneciente a alguna tribu urbana\u00bb; no [&hellip;]<\/p>\n","protected":false},"author":2,"featured_media":0,"comment_status":"open","ping_status":"open","sticky":false,"template":"","format":"standard","meta":{"footnotes":""},"categories":[9,12,4],"tags":[],"class_list":["post-756","post","type-post","status-publish","format-standard","hentry","category-chanta","category-chile","category-videos"],"_links":{"self":[{"href":"http:\/\/www.sofoca.cl\/pebre\/wp-json\/wp\/v2\/posts\/756","targetHints":{"allow":["GET"]}}],"collection":[{"href":"http:\/\/www.sofoca.cl\/pebre\/wp-json\/wp\/v2\/posts"}],"about":[{"href":"http:\/\/www.sofoca.cl\/pebre\/wp-json\/wp\/v2\/types\/post"}],"author":[{"embeddable":true,"href":"http:\/\/www.sofoca.cl\/pebre\/wp-json\/wp\/v2\/users\/2"}],"replies":[{"embeddable":true,"href":"http:\/\/www.sofoca.cl\/pebre\/wp-json\/wp\/v2\/comments?post=756"}],"version-history":[{"count":0,"href":"http:\/\/www.sofoca.cl\/pebre\/wp-json\/wp\/v2\/posts\/756\/revisions"}],"wp:attachment":[{"href":"http:\/\/www.sofoca.cl\/pebre\/wp-json\/wp\/v2\/media?parent=756"}],"wp:term":[{"taxonomy":"category","embeddable":true,"href":"http:\/\/www.sofoca.cl\/pebre\/wp-json\/wp\/v2\/categories?post=756"},{"taxonomy":"post_tag","embeddable":true,"href":"http:\/\/www.sofoca.cl\/pebre\/wp-json\/wp\/v2\/tags?post=756"}],"curies":[{"name":"wp","href":"https:\/\/api.w.org\/{rel}","templated":true}]}}