{"id":760,"date":"2008-05-12T18:01:31","date_gmt":"2008-05-12T21:01:31","guid":{"rendered":"http:\/\/www.sofoca.cl\/pebre\/?p=760"},"modified":"2008-05-12T19:04:23","modified_gmt":"2008-05-12T22:04:23","slug":"ivo-la-chinchilla-del-sii","status":"publish","type":"post","link":"http:\/\/www.sofoca.cl\/pebre\/2008\/05\/12\/ivo-la-chinchilla-del-sii\/","title":{"rendered":"Ivo, la chinchilla del SII"},"content":{"rendered":"<blockquote><p>En estos dos meses sin actualizar han pasado bastantes cosas que seguramente ya pusieron en todos los <em>blogs recicladores<\/em> que se precien de serlo, as\u00ed que no se extra\u00f1en si pongo cosas medio a\u00f1ejas, pues necesito publicarlas ac\u00e1 para despu\u00e9s ver este <em>blog<\/em> cuando sea viejo y recordar junto a mis nietos. \u00abMira, nieto, en mis tiempos ten\u00eda un <em>blog<\/em> y pon\u00eda s\u00f3lo noticias sacadas de otros lados, cero originalidad. Tomaba una noticia de Neatorama o Men\u00e9ame, le pon\u00eda un par de p\u00e1rrafos y me daba por satisfecho, a\u00fan as\u00ed era entretenido.\u00bb \u00abYa, abuelo, c\u00e1llate y c\u00f3mete tu sopa.\u00bb Un futuro esplendor.<\/p><\/blockquote>\n<p>Una de los secretos a voces del Gobierno es que <del datetime=\"2008-05-12T20:29:50+00:00\">por ley<\/del> <strong>todas y cada una de las campa\u00f1as sociales deben tener una canci\u00f3n de <em>rap<\/em><\/strong>. Es cosa de ver el esparpanto de comercial de \u00abChile crece Contigo\u00bb donde hay un rapero que canta \u00abcuando trabaja te podr\u00e1 amamantar\u00bb, \u00abacceso a sala cuna \/ estimulaci\u00f3n oportuna\u00bb acompa\u00f1ado del horrible coro de \u00ab\u266b Chile crece Contiiiigoooo \u266b\u00bb. No s\u00e9 ustedes, pero yo vi el comercial y lo odi\u00e9 instant\u00e1neamente.<\/p>\n<p>Ejemplos hay muchos m\u00e1s, desde la campa\u00f1a de <a href=\"http:\/\/www.essbio.cl\/\">Essbio<\/a> para cuidar los grifos o, en el \u00e1mbito internacional, cl\u00e1sicos como \u00ab<a href=\"http:\/\/video.google.com\/videoplay?docid=4837609090332617729\">Don&#8217;t copy that floppy!<\/a>\u00ab. El com\u00fan denominador a todas estas campa\u00f1as sociales es que en el medio del comercial aparece <strong>siempre<\/strong> un rapero cantando sobre los beneficios de la campa\u00f1a o tratando de concientizar a la gente. Yo me pregunto: \u00bfEstos tipos son imb\u00e9ciles y creen que a todos nos gusta el <em>rap<\/em>? \u00bfO tiene que ver con la estructura l\u00edrica del <em>rap<\/em> y la capacidad de decir m\u00e1s palabras por minuto, una ventaja a la hora de crear <em>spots<\/em>? Nadie sabe.<\/p>\n<p>Bleh, pero el <em>s\u00fammum<\/em> de <em>rap<\/em>-caprichosamente-gratuito-en-un-comercial-de-campa\u00f1a-social est\u00e1 dado por la nueva (ejem) campa\u00f1a del SII, llamada <a href=\"http:\/\/www.planetasii.cl\/\"><strong>Planeta SII<\/strong><\/a>.<\/p>\n<p style=\"text-align: center;\"><img loading=\"lazy\" decoding=\"async\" class=\"alignnone size-full wp-image-761 aligncenter\" title=\"ivolachinchillaivolachinchilla\" src=\"http:\/\/www.sofoca.cl\/pebre\/wp-content\/uploads\/2008\/05\/ivolachinchillaivolachinchilla.jpg\" alt=\"Ivo, la Chinchilla\" width=\"500\" height=\"410\" srcset=\"http:\/\/www.sofoca.cl\/pebre\/wp-content\/uploads\/2008\/05\/ivolachinchillaivolachinchilla.jpg 500w, http:\/\/www.sofoca.cl\/pebre\/wp-content\/uploads\/2008\/05\/ivolachinchillaivolachinchilla-300x246.jpg 300w\" sizes=\"auto, (max-width: 500px) 100vw, 500px\" \/><\/p>\n<p>\u00bfY de qu\u00e9 se trata? Bizarramente, <a href=\"http:\/\/www.planetasii.cl\/\">la campa\u00f1a<\/a> est\u00e1 orientada al p\u00fablico infantil, para que desde chiquititos se vayan adentrando en el apasionante mundo de las deudas y facturas; espec\u00edficamente en el noble arte de pedir la boleta despu\u00e9s de realizar una compra. <a href=\"http:\/\/www.uri.cl\/que-divertido\/ivo-la-chinchilla\">Como dice el buen Uri<\/a>, \u00abpretenden educarlos desde peque\u00f1os en este hermoso acto c\u00edvico que evita la evasi\u00f3n tributaria.\u00bb<\/p>\n<p>Para ello, han puesto una <a href=\"http:\/\/www.planetasii.cl\/\">p\u00e1gina con animaciones<\/a> de dos ni\u00f1os que viven aventuras junto a Ivo, la Chinchilla (n\u00f3tese la sutil y refinada referencia al <a href=\"http:\/\/es.wikipedia.org\/wiki\/IVA\">IVA<\/a>). Y, claro est\u00e1, el dogma de las campa\u00f1as sociales se hace presente: Ivo no s\u00f3lo es una chinchilla aventurera, adem\u00e1s rapea. Rapea peor que la Vivi Kreutzberger y los Pulentos juntos. Dios nos salve.<\/p>\n<p>\u00bfQu\u00e9 podemos aprender de \u00e9sto? Nosotros, no mucho; s\u00f3lo que mientras las campa\u00f1as gubernamentales existan, el rapeo tiene su vida asegurada. \u00c9sa es la dura \/ no cabe duda.<\/p>\n","protected":false},"excerpt":{"rendered":"<p>En estos dos meses sin actualizar han pasado bastantes cosas que seguramente ya pusieron en todos los blogs recicladores que se precien de serlo, as\u00ed que no se extra\u00f1en si pongo cosas medio a\u00f1ejas, pues necesito publicarlas ac\u00e1 para despu\u00e9s ver este blog cuando sea viejo y recordar junto a mis nietos. \u00abMira, nieto, en [&hellip;]<\/p>\n","protected":false},"author":2,"featured_media":0,"comment_status":"open","ping_status":"open","sticky":false,"template":"","format":"standard","meta":{"footnotes":""},"categories":[15,9,12,5],"tags":[],"class_list":["post-760","post","type-post","status-publish","format-standard","hentry","category-comic","category-chanta","category-chile","category-internet"],"_links":{"self":[{"href":"http:\/\/www.sofoca.cl\/pebre\/wp-json\/wp\/v2\/posts\/760","targetHints":{"allow":["GET"]}}],"collection":[{"href":"http:\/\/www.sofoca.cl\/pebre\/wp-json\/wp\/v2\/posts"}],"about":[{"href":"http:\/\/www.sofoca.cl\/pebre\/wp-json\/wp\/v2\/types\/post"}],"author":[{"embeddable":true,"href":"http:\/\/www.sofoca.cl\/pebre\/wp-json\/wp\/v2\/users\/2"}],"replies":[{"embeddable":true,"href":"http:\/\/www.sofoca.cl\/pebre\/wp-json\/wp\/v2\/comments?post=760"}],"version-history":[{"count":0,"href":"http:\/\/www.sofoca.cl\/pebre\/wp-json\/wp\/v2\/posts\/760\/revisions"}],"wp:attachment":[{"href":"http:\/\/www.sofoca.cl\/pebre\/wp-json\/wp\/v2\/media?parent=760"}],"wp:term":[{"taxonomy":"category","embeddable":true,"href":"http:\/\/www.sofoca.cl\/pebre\/wp-json\/wp\/v2\/categories?post=760"},{"taxonomy":"post_tag","embeddable":true,"href":"http:\/\/www.sofoca.cl\/pebre\/wp-json\/wp\/v2\/tags?post=760"}],"curies":[{"name":"wp","href":"https:\/\/api.w.org\/{rel}","templated":true}]}}