{"id":81,"date":"2007-08-30T18:41:38","date_gmt":"2007-08-30T22:41:38","guid":{"rendered":"http:\/\/www.sofoca.cl\/pebre\/2007\/08\/30\/chile-es-el-pais-con-mas-feriados-seguidos-en-sudamerica\/"},"modified":"2007-10-08T18:17:17","modified_gmt":"2007-10-08T22:17:17","slug":"chile-es-el-pais-con-mas-feriados-seguidos-en-sudamerica","status":"publish","type":"post","link":"http:\/\/www.sofoca.cl\/pebre\/2007\/08\/30\/chile-es-el-pais-con-mas-feriados-seguidos-en-sudamerica\/","title":{"rendered":"Chile es el pa\u00eds con m\u00e1s feriados seguidos en Sudam\u00e9rica"},"content":{"rendered":"<p><a href=\"http:\/\/www.flickr.com\/photos\/huasonic\/96406943\/\"><img loading=\"lazy\" decoding=\"async\" src=\"http:\/\/farm1.static.flickr.com\/41\/96406943_e92351291f_m.jpg\" title=\"&laquo;Chile lindo&raquo; por Huasonic\" alt=\"&laquo;Chile lindo&raquo; por Huasonic\" align=\"right\" height=\"180\" width=\"240\" \/><\/a>Con la reciente aprobaci\u00f3n del feriado del 17 de septiembre Chile se ha convertido en el pa\u00eds con m\u00e1s d\u00edas festivos seguidos de toda Sudam\u00e9rica, superando a Brasil y Argentina.<\/p>\n<p>Adem\u00e1s, el feriado del 17 va a contar para cada vez que las Fiestas Patrias hagan s\u00e1ndwich, \u00a1\u00e9stos parlamentarios piensan en todo! <a href=\"http:\/\/www.latercera.cl\/medio\/articulo\/0,0,3255_5666_293689054,00.html\">Link<\/a>.<\/p>\n","protected":false},"excerpt":{"rendered":"<p>Con la reciente aprobaci\u00f3n del feriado del 17 de septiembre Chile se ha convertido en el pa\u00eds con m\u00e1s d\u00edas festivos seguidos de toda Sudam\u00e9rica, superando a Brasil y Argentina. Adem\u00e1s, el feriado del 17 va a contar para cada vez que las Fiestas Patrias hagan s\u00e1ndwich, \u00a1\u00e9stos parlamentarios piensan en todo! Link.<\/p>\n","protected":false},"author":2,"featured_media":0,"comment_status":"open","ping_status":"open","sticky":false,"template":"","format":"standard","meta":{"footnotes":""},"categories":[12],"tags":[],"class_list":["post-81","post","type-post","status-publish","format-standard","hentry","category-chile"],"_links":{"self":[{"href":"http:\/\/www.sofoca.cl\/pebre\/wp-json\/wp\/v2\/posts\/81","targetHints":{"allow":["GET"]}}],"collection":[{"href":"http:\/\/www.sofoca.cl\/pebre\/wp-json\/wp\/v2\/posts"}],"about":[{"href":"http:\/\/www.sofoca.cl\/pebre\/wp-json\/wp\/v2\/types\/post"}],"author":[{"embeddable":true,"href":"http:\/\/www.sofoca.cl\/pebre\/wp-json\/wp\/v2\/users\/2"}],"replies":[{"embeddable":true,"href":"http:\/\/www.sofoca.cl\/pebre\/wp-json\/wp\/v2\/comments?post=81"}],"version-history":[{"count":0,"href":"http:\/\/www.sofoca.cl\/pebre\/wp-json\/wp\/v2\/posts\/81\/revisions"}],"wp:attachment":[{"href":"http:\/\/www.sofoca.cl\/pebre\/wp-json\/wp\/v2\/media?parent=81"}],"wp:term":[{"taxonomy":"category","embeddable":true,"href":"http:\/\/www.sofoca.cl\/pebre\/wp-json\/wp\/v2\/categories?post=81"},{"taxonomy":"post_tag","embeddable":true,"href":"http:\/\/www.sofoca.cl\/pebre\/wp-json\/wp\/v2\/tags?post=81"}],"curies":[{"name":"wp","href":"https:\/\/api.w.org\/{rel}","templated":true}]}}