{"id":818,"date":"2008-06-18T23:45:27","date_gmt":"2008-06-19T03:45:27","guid":{"rendered":"http:\/\/www.sofoca.cl\/pebre\/?p=818"},"modified":"2008-06-19T12:42:53","modified_gmt":"2008-06-19T16:42:53","slug":"mi-mama-me-quiere-tooodo-esto","status":"publish","type":"post","link":"http:\/\/www.sofoca.cl\/pebre\/2008\/06\/18\/mi-mama-me-quiere-tooodo-esto\/","title":{"rendered":"Mi mam\u00e1 me quiere tooodo esto"},"content":{"rendered":"<p>Si eres chileno, estuviste vivo con uso de conciencia durante principios de los noventa y no viv\u00edas debajo de una piedra, es casi una obviedad decir que <strong>tienes<\/strong> que recordar el legendario comercial de Manjar Col\u00fan&#8230;<\/p>\n<iframe loading=\"lazy\" title=\"Manjar Colun\" width=\"500\" height=\"375\" src=\"https:\/\/www.youtube.com\/embed\/qURfQKoJmwc?feature=oembed\" frameborder=\"0\" allow=\"accelerometer; autoplay; clipboard-write; encrypted-media; gyroscope; picture-in-picture; web-share\" referrerpolicy=\"strict-origin-when-cross-origin\" allowfullscreen><\/iframe>\n<p>Legendario, entre otras cosas, por que lo daban a cada rato y de esa manera qued\u00f3 grabado a fuego en nuestro subconsciente. C\u00f3mo no acordarse de aqu\u00e9l di\u00e1logo entre dos adorables peque\u00f1ines que dec\u00edan \u00abmi mam\u00e1 me quiere todo esto, la luna, el sol, y\u00bb&#8230; ehh&#8230; \u00bfqu\u00e9 dec\u00eda ah\u00ed?<\/p>\n<p>\u00bfNo lo entend\u00edas? Pues <strong>nunca nadie lo hizo<\/strong>. El miedo, duda e incertidumbre por no entender aquella parte del comercial hizo que mucha gente formara grupos organizados para discutir qu\u00e9 cresta era lo que dec\u00eda el ni\u00f1ito. Las teor\u00edas m\u00e1s difundidas eran que el cabro dec\u00eda \u00aby los astros\u00bb, \u00aby Oliver Atom\u00bb, \u00aby el universo\u00bb, \u00aby todo lo dem\u00e1s\u00bb, etc\u00e9tera, etc\u00e9tera.<\/p>\n<p>Lo bueno (\u00bf?) es que todas esas teor\u00edas se fueron a tierra gracias a la impresionante, impactante e indispensable <a href=\"http:\/\/www.lun.com\/modulos\/catalogo\/Paginas\/2008\/06\/16\/LUCSTDI04LU1606.HTM\">entrevista hecha por nuestro diario Las \u00daltimas Noticias<\/a> hace dos d\u00edas, que no me hab\u00eda dado la paja de poner ac\u00e1. \u00a1Uno de los ex-ni\u00f1os que particip\u00f3 en el comercial confiesa cu\u00e1l era la frase maldita! \u00a1Impacto, emoci\u00f3n, adrenalina! Redoble de tambores&#8230;<\/p>\n<p style=\"text-align: center;\"><a href=\"http:\/\/www.sofoca.cl\/pebre\/wp-content\/uploads\/2008\/06\/jsaldkdsja.jpg\"><img loading=\"lazy\" decoding=\"async\" class=\"alignnone size-full wp-image-819 aligncenter\" title=\"jsaldkdsja\" src=\"http:\/\/www.sofoca.cl\/pebre\/wp-content\/uploads\/2008\/06\/jsaldkdsja.jpg\" alt=\"\" width=\"359\" height=\"158\" srcset=\"http:\/\/www.sofoca.cl\/pebre\/wp-content\/uploads\/2008\/06\/jsaldkdsja.jpg 359w, http:\/\/www.sofoca.cl\/pebre\/wp-content\/uploads\/2008\/06\/jsaldkdsja-300x132.jpg 300w\" sizes=\"auto, (max-width: 359px) 100vw, 359px\" \/><\/a><\/p>\n<p>Pium, como final de cumbia. Con esto se termina uno de los grandes misterios del universo y de la vida, en general. En realidad ya hab\u00eda salido en la Zona de Contacto hace algunos a\u00f1os, pero a nadie le importa. En fin. La vida es bella. <em>(V\u00eda <a href=\"http:\/\/twitter.com\/chulini\/statuses\/838310829\">Chulinirrrss<\/a>)<\/em><\/p>\n","protected":false},"excerpt":{"rendered":"<p>Si eres chileno, estuviste vivo con uso de conciencia durante principios de los noventa y no viv\u00edas debajo de una piedra, es casi una obviedad decir que tienes que recordar el legendario comercial de Manjar Col\u00fan&#8230; Legendario, entre otras cosas, por que lo daban a cada rato y de esa manera qued\u00f3 grabado a fuego [&hellip;]<\/p>\n","protected":false},"author":2,"featured_media":0,"comment_status":"open","ping_status":"open","sticky":false,"template":"","format":"standard","meta":{"footnotes":""},"categories":[16,12,14],"tags":[],"class_list":["post-818","post","type-post","status-publish","format-standard","hentry","category-bakan","category-chile","category-publicidad"],"_links":{"self":[{"href":"http:\/\/www.sofoca.cl\/pebre\/wp-json\/wp\/v2\/posts\/818","targetHints":{"allow":["GET"]}}],"collection":[{"href":"http:\/\/www.sofoca.cl\/pebre\/wp-json\/wp\/v2\/posts"}],"about":[{"href":"http:\/\/www.sofoca.cl\/pebre\/wp-json\/wp\/v2\/types\/post"}],"author":[{"embeddable":true,"href":"http:\/\/www.sofoca.cl\/pebre\/wp-json\/wp\/v2\/users\/2"}],"replies":[{"embeddable":true,"href":"http:\/\/www.sofoca.cl\/pebre\/wp-json\/wp\/v2\/comments?post=818"}],"version-history":[{"count":0,"href":"http:\/\/www.sofoca.cl\/pebre\/wp-json\/wp\/v2\/posts\/818\/revisions"}],"wp:attachment":[{"href":"http:\/\/www.sofoca.cl\/pebre\/wp-json\/wp\/v2\/media?parent=818"}],"wp:term":[{"taxonomy":"category","embeddable":true,"href":"http:\/\/www.sofoca.cl\/pebre\/wp-json\/wp\/v2\/categories?post=818"},{"taxonomy":"post_tag","embeddable":true,"href":"http:\/\/www.sofoca.cl\/pebre\/wp-json\/wp\/v2\/tags?post=818"}],"curies":[{"name":"wp","href":"https:\/\/api.w.org\/{rel}","templated":true}]}}