{"id":820,"date":"2008-07-04T03:20:37","date_gmt":"2008-07-04T07:20:37","guid":{"rendered":"http:\/\/www.sofoca.cl\/pebre\/?p=820"},"modified":"2008-07-05T16:22:03","modified_gmt":"2008-07-05T20:22:03","slug":"manana-me-voy-de-viaje","status":"publish","type":"post","link":"http:\/\/www.sofoca.cl\/pebre\/2008\/07\/04\/manana-me-voy-de-viaje\/","title":{"rendered":"Ma\u00f1ana me voy de viaje"},"content":{"rendered":"<p>Lo que viene a continuaci\u00f3n es un video de 7:12 de Tito Fern\u00e1ndez cantando un fluir de la conciencia mientras <em>samplea<\/em> artesanalmente otras canciones.<\/p>\n<iframe loading=\"lazy\" title=\"Ma\u00f1ana me voy de viaje - Tito Fernandez\" width=\"500\" height=\"375\" src=\"https:\/\/www.youtube.com\/embed\/enVBPoraUtI?feature=oembed\" frameborder=\"0\" allow=\"accelerometer; autoplay; clipboard-write; encrypted-media; gyroscope; picture-in-picture; web-share\" referrerpolicy=\"strict-origin-when-cross-origin\" allowfullscreen><\/iframe>\n<p>S\u00f3lo para entendidos de la m\u00fasica <span style=\"text-decoration: line-through;\">conceptual<\/span> folkl\u00f3rica chilena, aunque me mat\u00e9 de la risa con las im\u00e1genes terrible de literales que acompa\u00f1an la canci\u00f3n. Estoy mal.<\/p>\n","protected":false},"excerpt":{"rendered":"<p>Lo que viene a continuaci\u00f3n es un video de 7:12 de Tito Fern\u00e1ndez cantando un fluir de la conciencia mientras samplea artesanalmente otras canciones. S\u00f3lo para entendidos de la m\u00fasica conceptual folkl\u00f3rica chilena, aunque me mat\u00e9 de la risa con las im\u00e1genes terrible de literales que acompa\u00f1an la canci\u00f3n. Estoy mal.<\/p>\n","protected":false},"author":2,"featured_media":0,"comment_status":"open","ping_status":"open","sticky":false,"template":"","format":"standard","meta":{"footnotes":""},"categories":[12,10,6,4],"tags":[],"class_list":["post-820","post","type-post","status-publish","format-standard","hentry","category-chile","category-loco","category-musica","category-videos"],"_links":{"self":[{"href":"http:\/\/www.sofoca.cl\/pebre\/wp-json\/wp\/v2\/posts\/820","targetHints":{"allow":["GET"]}}],"collection":[{"href":"http:\/\/www.sofoca.cl\/pebre\/wp-json\/wp\/v2\/posts"}],"about":[{"href":"http:\/\/www.sofoca.cl\/pebre\/wp-json\/wp\/v2\/types\/post"}],"author":[{"embeddable":true,"href":"http:\/\/www.sofoca.cl\/pebre\/wp-json\/wp\/v2\/users\/2"}],"replies":[{"embeddable":true,"href":"http:\/\/www.sofoca.cl\/pebre\/wp-json\/wp\/v2\/comments?post=820"}],"version-history":[{"count":0,"href":"http:\/\/www.sofoca.cl\/pebre\/wp-json\/wp\/v2\/posts\/820\/revisions"}],"wp:attachment":[{"href":"http:\/\/www.sofoca.cl\/pebre\/wp-json\/wp\/v2\/media?parent=820"}],"wp:term":[{"taxonomy":"category","embeddable":true,"href":"http:\/\/www.sofoca.cl\/pebre\/wp-json\/wp\/v2\/categories?post=820"},{"taxonomy":"post_tag","embeddable":true,"href":"http:\/\/www.sofoca.cl\/pebre\/wp-json\/wp\/v2\/tags?post=820"}],"curies":[{"name":"wp","href":"https:\/\/api.w.org\/{rel}","templated":true}]}}