{"id":83,"date":"2007-08-31T13:14:29","date_gmt":"2007-08-31T17:14:29","guid":{"rendered":"http:\/\/www.sofoca.cl\/pebre\/2007\/08\/31\/la-mama-pokemona-se-confiesa-en-lun\/"},"modified":"2007-11-28T19:50:18","modified_gmt":"2007-11-28T23:50:18","slug":"la-mama-pokemona-se-confiesa-en-lun","status":"publish","type":"post","link":"http:\/\/www.sofoca.cl\/pebre\/2007\/08\/31\/la-mama-pokemona-se-confiesa-en-lun\/","title":{"rendered":"La mam\u00e1 pokemona se confiesa en LUN"},"content":{"rendered":"<p>Premio a la noticia in\u00fatil del a\u00f1o:<\/p>\n<blockquote><p><strong>Mam\u00e1 pokemona: \u00abMis hijos me piden que los cachetee\u00bb<\/strong><\/p>\n<p>\u00abMe gusta andar a la moda y la moda de ahora es pokemona\u00bb, explica esta mujer que se hizo famosa luego de que el video del reggaet\u00f3n bailado con su hijo de trece a\u00f1os fuera subido a YouTube y visto por miles de personas.<\/p>\n<p>El principal problema de Carolina es que su hijo Basti\u00e1n, de trece a\u00f1os, no est\u00e1 de acuerdo con tener una mam\u00e1 tan juvenil. \u00abA veces mis hijos me piden: que los cachetee, <em>cast\u00edgame, haz algo como las mam\u00e1s normales<\/em>\u00ab, cuenta.<\/p><\/blockquote>\n<p>Sin comentarios. <a href=\"http:\/\/www.lun.com\/modulos\/catalogo\/paginas\/2007\/08\/31\/LUCSTSO11LU3108.htm?tipoPantalla=1260\">Link<\/a> <em>(V\u00eda <a href=\"http:\/\/www.192.cl\/blog\/esto-es-mas\/\">192<\/a>)<\/em><\/p>\n","protected":false},"excerpt":{"rendered":"<p>Premio a la noticia in\u00fatil del a\u00f1o: Mam\u00e1 pokemona: \u00abMis hijos me piden que los cachetee\u00bb \u00abMe gusta andar a la moda y la moda de ahora es pokemona\u00bb, explica esta mujer que se hizo famosa luego de que el video del reggaet\u00f3n bailado con su hijo de trece a\u00f1os fuera subido a YouTube y [&hellip;]<\/p>\n","protected":false},"author":2,"featured_media":0,"comment_status":"closed","ping_status":"open","sticky":false,"template":"","format":"standard","meta":{"footnotes":""},"categories":[9,12],"tags":[],"class_list":["post-83","post","type-post","status-publish","format-standard","hentry","category-chanta","category-chile"],"_links":{"self":[{"href":"http:\/\/www.sofoca.cl\/pebre\/wp-json\/wp\/v2\/posts\/83","targetHints":{"allow":["GET"]}}],"collection":[{"href":"http:\/\/www.sofoca.cl\/pebre\/wp-json\/wp\/v2\/posts"}],"about":[{"href":"http:\/\/www.sofoca.cl\/pebre\/wp-json\/wp\/v2\/types\/post"}],"author":[{"embeddable":true,"href":"http:\/\/www.sofoca.cl\/pebre\/wp-json\/wp\/v2\/users\/2"}],"replies":[{"embeddable":true,"href":"http:\/\/www.sofoca.cl\/pebre\/wp-json\/wp\/v2\/comments?post=83"}],"version-history":[{"count":0,"href":"http:\/\/www.sofoca.cl\/pebre\/wp-json\/wp\/v2\/posts\/83\/revisions"}],"wp:attachment":[{"href":"http:\/\/www.sofoca.cl\/pebre\/wp-json\/wp\/v2\/media?parent=83"}],"wp:term":[{"taxonomy":"category","embeddable":true,"href":"http:\/\/www.sofoca.cl\/pebre\/wp-json\/wp\/v2\/categories?post=83"},{"taxonomy":"post_tag","embeddable":true,"href":"http:\/\/www.sofoca.cl\/pebre\/wp-json\/wp\/v2\/tags?post=83"}],"curies":[{"name":"wp","href":"https:\/\/api.w.org\/{rel}","templated":true}]}}