{"id":84,"date":"2007-09-01T13:33:30","date_gmt":"2007-09-01T17:33:30","guid":{"rendered":"http:\/\/www.sofoca.cl\/pebre\/2007\/09\/01\/competencia-de-hombres-barbudos-y-bigotudos\/"},"modified":"2007-09-01T13:33:30","modified_gmt":"2007-09-01T17:33:30","slug":"competencia-de-hombres-barbudos-y-bigotudos","status":"publish","type":"post","link":"http:\/\/www.sofoca.cl\/pebre\/2007\/09\/01\/competencia-de-hombres-barbudos-y-bigotudos\/","title":{"rendered":"Competencia de hombres barbudos y bigotudos"},"content":{"rendered":"<p>El Campeonato Mundial de Barbas y Bigotes se celebra cada dos a\u00f1os desde 1990, y en esta ocasi\u00f3n la BBC nos presenta una galer\u00eda llena de barbas y bigotes. S\u00faper loco. <a href=\"http:\/\/news.bbc.co.uk\/hi\/spanish\/photo_galleries\/newsid_6974000\/6974232.stm\">Link<\/a>.<\/p>\n","protected":false},"excerpt":{"rendered":"<p>El Campeonato Mundial de Barbas y Bigotes se celebra cada dos a\u00f1os desde 1990, y en esta ocasi\u00f3n la BBC nos presenta una galer\u00eda llena de barbas y bigotes. S\u00faper loco. Link.<\/p>\n","protected":false},"author":2,"featured_media":0,"comment_status":"open","ping_status":"open","sticky":false,"template":"","format":"standard","meta":{"footnotes":""},"categories":[13,10],"tags":[],"class_list":["post-84","post","type-post","status-publish","format-standard","hentry","category-fotos","category-loco"],"_links":{"self":[{"href":"http:\/\/www.sofoca.cl\/pebre\/wp-json\/wp\/v2\/posts\/84","targetHints":{"allow":["GET"]}}],"collection":[{"href":"http:\/\/www.sofoca.cl\/pebre\/wp-json\/wp\/v2\/posts"}],"about":[{"href":"http:\/\/www.sofoca.cl\/pebre\/wp-json\/wp\/v2\/types\/post"}],"author":[{"embeddable":true,"href":"http:\/\/www.sofoca.cl\/pebre\/wp-json\/wp\/v2\/users\/2"}],"replies":[{"embeddable":true,"href":"http:\/\/www.sofoca.cl\/pebre\/wp-json\/wp\/v2\/comments?post=84"}],"version-history":[{"count":0,"href":"http:\/\/www.sofoca.cl\/pebre\/wp-json\/wp\/v2\/posts\/84\/revisions"}],"wp:attachment":[{"href":"http:\/\/www.sofoca.cl\/pebre\/wp-json\/wp\/v2\/media?parent=84"}],"wp:term":[{"taxonomy":"category","embeddable":true,"href":"http:\/\/www.sofoca.cl\/pebre\/wp-json\/wp\/v2\/categories?post=84"},{"taxonomy":"post_tag","embeddable":true,"href":"http:\/\/www.sofoca.cl\/pebre\/wp-json\/wp\/v2\/tags?post=84"}],"curies":[{"name":"wp","href":"https:\/\/api.w.org\/{rel}","templated":true}]}}