{"id":851,"date":"2008-10-01T14:51:27","date_gmt":"2008-10-01T18:51:27","guid":{"rendered":"http:\/\/www.sofoca.cl\/pebre\/?p=851"},"modified":"2008-10-05T12:51:31","modified_gmt":"2008-10-05T16:51:31","slug":"vote-por-mi","status":"publish","type":"post","link":"http:\/\/www.sofoca.cl\/pebre\/2008\/10\/01\/vote-por-mi\/","title":{"rendered":"Vote por m\u00ed"},"content":{"rendered":"<div id=\"attachment_852\" style=\"width: 510px\" class=\"wp-caption aligncenter\"><img loading=\"lazy\" decoding=\"async\" aria-describedby=\"caption-attachment-852\" class=\"size-full wp-image-852\" title=\"DIY\" src=\"http:\/\/www.sofoca.cl\/pebre\/wp-content\/uploads\/2008\/10\/2889125910_d9096e502e.jpg\" alt=\"Rubilar colgando afiches de Rubilar\" width=\"500\" height=\"375\" srcset=\"http:\/\/www.sofoca.cl\/pebre\/wp-content\/uploads\/2008\/10\/2889125910_d9096e502e.jpg 500w, http:\/\/www.sofoca.cl\/pebre\/wp-content\/uploads\/2008\/10\/2889125910_d9096e502e-300x225.jpg 300w\" sizes=\"auto, (max-width: 500px) 100vw, 500px\" \/><p id=\"caption-attachment-852\" class=\"wp-caption-text\">Rubilar colgando afiches de Rubilar<\/p><\/div>\n<p>Dentro de poco son las elecciones municipales 2008, ac\u00e1 en Chile lindo. A estas alturas es una <a href=\"http:\/\/inciclopedia.wikia.com\/wiki\/Capit%C3%A1n_Obvio\">capit\u00e1nobviedad<\/a> decir que <em>cualquier<\/em> elecci\u00f3n que se haga en Chile tapona las ciudades con propaganda, pero en el caso particular de las elecciones municipales (y en menor grado, de las parlamentarias), se da que la propaganda no s\u00f3lo es infestante, adem\u00e1s es <strong>bastante rid\u00edcula<\/strong>. \u00bfPor qu\u00e9? Vaya a saber uno, pero como un humilde pelagatos no-inscrito-en-los-registros no me queda otra que re\u00edrme de ellos, y de paso, hacer una recopilaci\u00f3n para la posteridad <span style=\"text-decoration: line-through;\">antes de cerrar este maldito <em>blog<\/em><\/span>.<\/p>\n<p>Sean ustedes invitados a un universo m\u00e1gico y misterioso, que adem\u00e1s es LO oportunidad de las regiones y comunas provincianas para lucirse, pol\u00edticamente hablando. Canciones, demagogia, costalazos tecnol\u00f3gicos e infracciones de copyright. Veamos.<\/p>\n<h3>Ricardo Jeldes, el Freddie Mercury chileno<\/h3>\n<p>Desde la extra\u00f1a tierra de Quilpu\u00e9, un cl\u00e1sico instant\u00e1neo: Ricardo Jeldes. En todo caso, no tiene nada ni siquiera parecido a Mercury, pero le digo as\u00ed porque usa \u00abWe are the Champions\u00bb a destajo, haciendo que todos los integrantes de Queen se sacudan en sus criptas&#8230; eh&#8230; o donde sea que est\u00e9n.<\/p>\n<a href=\"http:\/\/es.youtube.com\/watch?v=pWfBei02KPE\">http:\/\/es.youtube.com\/watch?v=pWfBei02KPE<\/a>\n<p>No s\u00f3lo llama la atenci\u00f3n lo barsa, adem\u00e1s la deformaci\u00f3n de la letra a lo Delf\u00edn Quishpe es bastante mutante. Por si fuera poco, <a href=\"http:\/\/www.lun.com\/modulos\/catalogo\/paginas\/2008\/10\/01\/LUCSTDI02LU0110.htm?tipoPantalla=1260\">los aguafiestas de EMI reclamaron derechos sobre la canci\u00f3n de Queen<\/a>, y de hecho, el <a href=\"http:\/\/es.youtube.com\/browse?&amp;ytsession=hXaqvo9oeK6G7UYtJOcxrJQpWQxvK5-Xf-ZNLvP0Yu_z1ZPQm_fAI5GgKtcAiDyFVdcdWk2GRu2p3o3MFn9UaBbJi97RR7-Osl-2ORrO4gCsk2b0z1xSre8sk5mqnJfox6PJMTRcZxCjjm9dRRoc3u-AyyOQvlCCNQzhEVQxHlOmHTrXNth9hqlFLo1Fx-EeDOm8RiHvCeKl9eTirmqdjT9CdvNvaSIM7YH8htJ1MVse1LewHD63SJftdXDcDi7gXeiYcH1KEAHvuNuySb_k8nLF5sGF8RPM8V5vdtmbRTo=\">video original en su cuenta<\/a> fue borrado. En fin: como hacer todo perfectamente mal&#8230; o \u00aba lo chileno\u00bb, como prefiera. <em>(V\u00eda <a href=\"http:\/\/www.quemarlasnaves.net\/2008\/09\/02\/politica-20\/\">Quemar Las Naves<\/a>)<\/em><\/p>\n<h3>La temporada perdida de Plan Z<\/h3>\n<p>&#8230; o por lo menos eso parece (seg\u00fan dicen en los comentarios) la <a href=\"http:\/\/www.theclinic.cl\/2008\/09\/27\/carta-el-hermano-de-van-rysselberghe\/\">campa\u00f1a audiovisual de Enrique Van Rysselberghe<\/a>, concejal de Concepci\u00f3n. No hay mucho m\u00e1s que decir, s\u00f3lo v\u00e9alo (y llore):<\/p>\n<a href=\"http:\/\/es.youtube.com\/watch?v=FYJUEjxwRbA\">http:\/\/es.youtube.com\/watch?v=FYJUEjxwRbA<\/a>\n<a href=\"http:\/\/es.youtube.com\/watch?v=QlsFAn8QkKg\">http:\/\/es.youtube.com\/watch?v=QlsFAn8QkKg<\/a>\n<p>Hasta da para reflexionar cosas serias y preocupantes sobre nuestros gobernantes, pero qu\u00e9 diablos, s\u00f3lo prefiero sufrir por mi existencia. <em>(V\u00eda <a href=\"http:\/\/www.elfrancotirador.cl\/2008\/09\/26\/diganme-que-no-es-verdad\/\">El Francotirador<\/a>)<\/em><\/p>\n<h3>En los hombros de gigantes<\/h3>\n<p>Hablando de los carteles: la mayor\u00eda de los candidatos no es muy original y la tiene clara: prefieren que su cara aparezca al lado de la del candidato presidencial de su partido. Pero Ricardo C\u00e1ceres, candidato a concejal por Puerto Montt, decidio innovar y aparecer junto a&#8230; Barack Obama.<\/p>\n<div id=\"attachment_855\" style=\"width: 490px\" class=\"wp-caption aligncenter\"><a href=\"http:\/\/www.sofoca.cl\/pebre\/wp-content\/uploads\/2008\/10\/f635970_candidato4801.gif\"><img loading=\"lazy\" decoding=\"async\" aria-describedby=\"caption-attachment-855\" class=\"size-full wp-image-855\" title=\"C\u00e1ceres-Obama\" src=\"http:\/\/www.sofoca.cl\/pebre\/wp-content\/uploads\/2008\/10\/f635970_candidato4801.gif\" alt=\"This is Obama, he is my friend, he is very friend\" width=\"480\" height=\"260\" srcset=\"http:\/\/www.sofoca.cl\/pebre\/wp-content\/uploads\/2008\/10\/f635970_candidato4801.gif 480w, http:\/\/www.sofoca.cl\/pebre\/wp-content\/uploads\/2008\/10\/f635970_candidato4801-300x162.gif 300w\" sizes=\"auto, (max-width: 480px) 100vw, 480px\" \/><\/a><p id=\"caption-attachment-855\" class=\"wp-caption-text\">This is Obama, he is my friend, he is very friend<\/p><\/div>\n<p>Seg\u00fan <a href=\"http:\/\/www.terra.cl\/actualidad\/especiales\/2008\/municipales\/index.cfm?id_cat=2736&amp;id_reg=1041242\">la campa\u00f1a<\/a>, es una manera de \u00abreflejar el esp\u00edritu joven y creativo de este futuro concejal\u00bb. Qu\u00e9 hemos hecho, dios m\u00edo. <em>(V\u00eda <a href=\"http:\/\/twitter.com\/lukas_y2k\/statuses\/939004645\">un tuiteo de lukas_y2k<\/a>)<\/em><\/p>\n<h3>Visite \u00bfmi? web<\/h3>\n<p>A Ricardo Sep\u00falveda, candidato a alcalde por La Serena, no se le ocurri\u00f3 mejor manera de acercarse al \u00abmundo multimedial tecnol\u00f3gico internetss\u00bb que regalando un video de su campa\u00f1a&#8230; en VCD.<\/p>\n<div id=\"attachment_856\" style=\"width: 510px\" class=\"wp-caption aligncenter\"><a href=\"http:\/\/www.sofoca.cl\/pebre\/wp-content\/uploads\/2008\/10\/sepulvedapuntocl.jpg\"><img loading=\"lazy\" decoding=\"async\" aria-describedby=\"caption-attachment-856\" class=\"size-full wp-image-856\" title=\"Con\u00f3zcame\" src=\"http:\/\/www.sofoca.cl\/pebre\/wp-content\/uploads\/2008\/10\/sepulvedapuntocl.jpg\" alt=\"Con mi CD tecnol\u00f3gico voy a acercarme a la juventud (imagen sacada barsamente de elreflejo.net)\" width=\"500\" height=\"443\" srcset=\"http:\/\/www.sofoca.cl\/pebre\/wp-content\/uploads\/2008\/10\/sepulvedapuntocl.jpg 500w, http:\/\/www.sofoca.cl\/pebre\/wp-content\/uploads\/2008\/10\/sepulvedapuntocl-300x265.jpg 300w\" sizes=\"auto, (max-width: 500px) 100vw, 500px\" \/><\/a><p id=\"caption-attachment-856\" class=\"wp-caption-text\">Con mi CD tecnol\u00f3gico voy a acercarme a la juventud (imagen sacada barsamente de elreflejo.net)<\/p><\/div>\n<p>Aparte de eso, promociona su sitio web sepulveda.cl. Pero al entrar a esa direcci\u00f3n, \u00a1uno ve que el sitio no es de \u00e9l! Es de <a href=\"http:\/\/www.sepulveda.cl\">una empresa consultora<\/a>. \u00bfAcaso cre\u00eda que en La Serena no hay tecnolog\u00eda, que nadie va a ver el sitio, y de esa manera ser \u00abtecnol\u00f3gico\u00bb sin gastar un peso? Prefiero no pensar eso, aunque mi corazonada me dice que s\u00ed. O tempora, o mores! <em>(V\u00eda <a href=\"http:\/\/www.elreflejo.cl\/2008\/09\/30\/las-rarezas-de-las-campanas-edilicias\/\">El Reflejo<\/a>)<\/em><\/p>\n<h3>Publicidad antes de tiempo<\/h3>\n<p>Es de esas cosas que a nadie le importa, o no pareciera: los candidatos <strong>no pueden hacer propaganda antes de la fecha reglamentaria, es ilegal<\/strong>. Aparte de la evidente contradicci\u00f3n que se genera cuando alguien quiere representar al pueblo pero no respeta las leyes, sorprende la frescura con la que se justifican: \u00abno, es que el muro estaba autorizado\u00bb, \u00abno, es que si no dice &#8216;vote&#8217;, no cuenta como propaganda&#8230;\u00bb. Un ejemplo random:<\/p>\n<div id=\"attachment_857\" style=\"width: 510px\" class=\"wp-caption aligncenter\"> <a href=\"http:\/\/www.sofoca.cl\/pebre\/wp-content\/uploads\/2008\/10\/unletreronegroparatodos.jpg\"><img loading=\"lazy\" decoding=\"async\" aria-describedby=\"caption-attachment-857\" class=\"size-full wp-image-857\" title=\"Vamos que se puede\" src=\"http:\/\/www.sofoca.cl\/pebre\/wp-content\/uploads\/2008\/10\/unletreronegroparatodos.jpg\" alt=\"Un [letrero negro] para todos\" width=\"500\" height=\"449\" srcset=\"http:\/\/www.sofoca.cl\/pebre\/wp-content\/uploads\/2008\/10\/unletreronegroparatodos.jpg 500w, http:\/\/www.sofoca.cl\/pebre\/wp-content\/uploads\/2008\/10\/unletreronegroparatodos-300x269.jpg 300w\" sizes=\"auto, (max-width: 500px) 100vw, 500px\" \/><\/a><p id=\"caption-attachment-857\" class=\"wp-caption-text\">Un -letrero negro- para todos<\/p><\/div>\n<p>El de la foto sabe de eso y por eso decide, de cuajo, eliminar la palabra \u00abalcalde\u00bb del cartel. Total, nadie se va a dar cuenta de que es propaganda, si no se nota&#8230; eh, es que le gusta hacer letreros con su cara, eso es. \u00a1Letreros negros para todos!<\/p>\n<h3>Ojo con el copyright<\/h3>\n<p>El uso y abuso de material con derechos de autor es otra piedra en el zapato para las campa\u00f1as. Total, \u00bfa qui\u00e9n le importa si el candidato usa canciones o disfraces de Barney en la campa\u00f1a? Si hiciera la lista de todos los casos de esos que existen, no terminar\u00eda nunca, pero veamos otro ejemplo random: <a href=\"http:\/\/www.linarios.cl\/\">Lina R\u00edos<\/a>, concejala por La Florida.<\/p>\n<p><a href=\"http:\/\/www.sofoca.cl\/pebre\/wp-content\/uploads\/2008\/10\/linariossuperpoderosa.jpg\"><img loading=\"lazy\" decoding=\"async\" class=\"aligncenter size-full wp-image-858\" title=\"linariossuperpoderosa\" src=\"http:\/\/www.sofoca.cl\/pebre\/wp-content\/uploads\/2008\/10\/linariossuperpoderosa.jpg\" alt=\"\" width=\"500\" height=\"360\" srcset=\"http:\/\/www.sofoca.cl\/pebre\/wp-content\/uploads\/2008\/10\/linariossuperpoderosa.jpg 500w, http:\/\/www.sofoca.cl\/pebre\/wp-content\/uploads\/2008\/10\/linariossuperpoderosa-300x216.jpg 300w\" sizes=\"auto, (max-width: 500px) 100vw, 500px\" \/><\/a><\/p>\n<p>Usa como si fuera nada, una imagen de una de Las Chicas Superpoderosas a la que se parece. A la hora que Cartoon Network se de cuenta, queda la grande.<\/p>\n<p>(WTF aparte merece el sitio, que est\u00e1 tan mal hecho que <a href=\"http:\/\/www.linarios.cl\/pages\/44als5.htm\">la secci\u00f3n de \u00abTrabajo Social\u00bb<\/a> est\u00e1 escrita en Lorem Ipsum. xD)<\/p>\n<h3>Y a\u00fan hay m\u00e1s&#8230;<\/h3>\n<div id=\"attachment_853\" style=\"width: 510px\" class=\"wp-caption aligncenter\"><a href=\"http:\/\/www.sofoca.cl\/pebre\/wp-content\/uploads\/2008\/10\/2888295595_88d516eda3.jpg\"><img loading=\"lazy\" decoding=\"async\" aria-describedby=\"caption-attachment-853\" class=\"size-full wp-image-853\" title=\"Un Alcalde Robado\" src=\"http:\/\/www.sofoca.cl\/pebre\/wp-content\/uploads\/2008\/10\/2888295595_88d516eda3.jpg\" alt=\"Ya no saben qu\u00e9 inventar\" width=\"500\" height=\"375\" srcset=\"http:\/\/www.sofoca.cl\/pebre\/wp-content\/uploads\/2008\/10\/2888295595_88d516eda3.jpg 500w, http:\/\/www.sofoca.cl\/pebre\/wp-content\/uploads\/2008\/10\/2888295595_88d516eda3-300x225.jpg 300w\" sizes=\"auto, (max-width: 500px) 100vw, 500px\" \/><\/a><p id=\"caption-attachment-853\" class=\"wp-caption-text\">Ya no saben qu\u00e9 inventar<\/p><\/div>\n<p>En realidad, no, no tengo m\u00e1s. Pero estoy seguro de que hay una <a href=\"http:\/\/es.wikipedia.org\/wiki\/Conjunto_numerable\">cantidad numerable<\/a> de eventos parecidos (o peores) repartidos por todo Chile. Espero que esta recopilaci\u00f3n le haya servido de ayuda para decidirse a votar&#8230; o no.<\/p>\n","protected":false},"excerpt":{"rendered":"<p>Dentro de poco son las elecciones municipales 2008, ac\u00e1 en Chile lindo. A estas alturas es una capit\u00e1nobviedad decir que cualquier elecci\u00f3n que se haga en Chile tapona las ciudades con propaganda, pero en el caso particular de las elecciones municipales (y en menor grado, de las parlamentarias), se da que la propaganda no s\u00f3lo [&hellip;]<\/p>\n","protected":false},"author":2,"featured_media":0,"comment_status":"open","ping_status":"open","sticky":false,"template":"","format":"standard","meta":{"footnotes":""},"categories":[9,12,13,5,10,14,4],"tags":[],"class_list":["post-851","post","type-post","status-publish","format-standard","hentry","category-chanta","category-chile","category-fotos","category-internet","category-loco","category-publicidad","category-videos"],"_links":{"self":[{"href":"http:\/\/www.sofoca.cl\/pebre\/wp-json\/wp\/v2\/posts\/851","targetHints":{"allow":["GET"]}}],"collection":[{"href":"http:\/\/www.sofoca.cl\/pebre\/wp-json\/wp\/v2\/posts"}],"about":[{"href":"http:\/\/www.sofoca.cl\/pebre\/wp-json\/wp\/v2\/types\/post"}],"author":[{"embeddable":true,"href":"http:\/\/www.sofoca.cl\/pebre\/wp-json\/wp\/v2\/users\/2"}],"replies":[{"embeddable":true,"href":"http:\/\/www.sofoca.cl\/pebre\/wp-json\/wp\/v2\/comments?post=851"}],"version-history":[{"count":6,"href":"http:\/\/www.sofoca.cl\/pebre\/wp-json\/wp\/v2\/posts\/851\/revisions"}],"predecessor-version":[{"id":868,"href":"http:\/\/www.sofoca.cl\/pebre\/wp-json\/wp\/v2\/posts\/851\/revisions\/868"}],"wp:attachment":[{"href":"http:\/\/www.sofoca.cl\/pebre\/wp-json\/wp\/v2\/media?parent=851"}],"wp:term":[{"taxonomy":"category","embeddable":true,"href":"http:\/\/www.sofoca.cl\/pebre\/wp-json\/wp\/v2\/categories?post=851"},{"taxonomy":"post_tag","embeddable":true,"href":"http:\/\/www.sofoca.cl\/pebre\/wp-json\/wp\/v2\/tags?post=851"}],"curies":[{"name":"wp","href":"https:\/\/api.w.org\/{rel}","templated":true}]}}