{"id":96,"date":"2007-09-05T16:27:10","date_gmt":"2007-09-05T20:27:10","guid":{"rendered":"http:\/\/www.sofoca.cl\/pebre\/2007\/09\/05\/adios-a-don-miguel\/"},"modified":"2007-09-05T16:27:10","modified_gmt":"2007-09-05T20:27:10","slug":"adios-a-don-miguel","status":"publish","type":"post","link":"http:\/\/www.sofoca.cl\/pebre\/2007\/09\/05\/adios-a-don-miguel\/","title":{"rendered":"Adi\u00f3s a Don Miguel"},"content":{"rendered":"<p style=\"text-align: center\"><img decoding=\"async\" src=\"http:\/\/www.sofoca.cl\/pebre\/wp-content\/uploads\/2007\/09\/donmigeul.jpg\" alt=\"Don Miguel\" \/><\/p>\n<p>El archiconocido Don Miguel, el hombre operado de laringe que sal\u00eda en las cajas de cigarros; ser\u00e1 reemplazado por la fea foto de un pobre tipo con los dientes desfigurados y amarillos; acompa\u00f1ado de la leyenda \u00abYo tengo mal aliento: el humo del tabaco se impregna en todo tu cuerpo y te mata d\u00eda a d\u00eda\u00bb. Meh.<\/p>\n<p>Seg\u00fan las mentes geniales detr\u00e1s de la idea, la campa\u00f1a est\u00e1 orientada a los j\u00f3venes.<\/p>\n<blockquote><p>Al hacer la presentaci\u00f3n de la nueva caja, la ministra de Salud, Mar\u00eda Soledad Barr\u00eda, junto a la subsecretaria de Salud P\u00fablica, Lidia Amarales, expres\u00f3 que la imagen impactar\u00e1 en el grupo objetivo al que se quiere llegar, fundamentalmente a los j\u00f3venes.<\/p>\n<p>\u00abLa sola imagen de la muerte les parece a los j\u00f3venes algo m\u00e1s alejado que una imagen m\u00e1s concreta del d\u00eda a d\u00eda como es esta de la dentadura y adem\u00e1s, en el envase se advierte que el cigarrillo produce la muerte\u00bb, expres\u00f3 la titular de la cartera.<\/p><\/blockquote>\n<p>Con todo esto, el gran Don Miguel se va para la casa despu\u00e9s de m\u00e1s de un a\u00f1o de andar dando vueltas por ah\u00ed. Siempre lo recordaremos. <em>(V\u00eda <a href=\"http:\/\/www.futuro.cl\/scripts\/noticias\/noticia_detalle.php?id_noticia=1729\">Futuro<\/a>, <a href=\"http:\/\/www.latercera.cl\/medio\/articulo\/0,0,3255_5666_295288431,00.html\">La Tercera<\/a>, <a href=\"http:\/\/www.24horas.cl\/detalle.aspx?IdC=232839&amp;IdS=1\">24 Horas<\/a>, <a href=\"http:\/\/www.cooperativa.cl\/p4_noticias\/site\/artic\/20070905\/pags\/20070905122840.html\">Radio Cooperativa<\/a>, <a href=\"http:\/\/www.emol.com\/noticias\/nacional\/detalle\/detallenoticias.asp?idnoticia=274480\">Emol<\/a> y <a href=\"http:\/\/www.lanacion.cl\/prontus_noticias_v2\/site\/artic\/20070904\/pags\/20070904214513.html\">La Naci\u00f3n<\/a>)<\/em><\/p>\n","protected":false},"excerpt":{"rendered":"<p>El archiconocido Don Miguel, el hombre operado de laringe que sal\u00eda en las cajas de cigarros; ser\u00e1 reemplazado por la fea foto de un pobre tipo con los dientes desfigurados y amarillos; acompa\u00f1ado de la leyenda \u00abYo tengo mal aliento: el humo del tabaco se impregna en todo tu cuerpo y te mata d\u00eda a [&hellip;]<\/p>\n","protected":false},"author":2,"featured_media":0,"comment_status":"open","ping_status":"open","sticky":false,"template":"","format":"standard","meta":{"footnotes":""},"categories":[9,12,14],"tags":[],"class_list":["post-96","post","type-post","status-publish","format-standard","hentry","category-chanta","category-chile","category-publicidad"],"_links":{"self":[{"href":"http:\/\/www.sofoca.cl\/pebre\/wp-json\/wp\/v2\/posts\/96","targetHints":{"allow":["GET"]}}],"collection":[{"href":"http:\/\/www.sofoca.cl\/pebre\/wp-json\/wp\/v2\/posts"}],"about":[{"href":"http:\/\/www.sofoca.cl\/pebre\/wp-json\/wp\/v2\/types\/post"}],"author":[{"embeddable":true,"href":"http:\/\/www.sofoca.cl\/pebre\/wp-json\/wp\/v2\/users\/2"}],"replies":[{"embeddable":true,"href":"http:\/\/www.sofoca.cl\/pebre\/wp-json\/wp\/v2\/comments?post=96"}],"version-history":[{"count":0,"href":"http:\/\/www.sofoca.cl\/pebre\/wp-json\/wp\/v2\/posts\/96\/revisions"}],"wp:attachment":[{"href":"http:\/\/www.sofoca.cl\/pebre\/wp-json\/wp\/v2\/media?parent=96"}],"wp:term":[{"taxonomy":"category","embeddable":true,"href":"http:\/\/www.sofoca.cl\/pebre\/wp-json\/wp\/v2\/categories?post=96"},{"taxonomy":"post_tag","embeddable":true,"href":"http:\/\/www.sofoca.cl\/pebre\/wp-json\/wp\/v2\/tags?post=96"}],"curies":[{"name":"wp","href":"https:\/\/api.w.org\/{rel}","templated":true}]}}